{"id":235,"date":"2024-02-01T10:25:46","date_gmt":"2024-02-01T15:25:46","guid":{"rendered":"https:\/\/flaura.enconstruction.website\/?p=235"},"modified":"2024-02-06T13:45:00","modified_gmt":"2024-02-06T18:45:00","slug":"entrevue-avec-fannie-laroche-co-fondatrice-de-flaura","status":"publish","type":"post","link":"https:\/\/flauracuirvegetal.com\/en\/entrevue-avec-fannie-laroche-co-fondatrice-de-flaura\/","title":{"rendered":"Entrevue avec Fannie Laroche, co-fondatrice de Flaura"},"content":{"rendered":"[vc_row type=\u00a0\u00bbin_container\u00a0\u00bb full_screen_row_position=\u00a0\u00bbmiddle\u00a0\u00bb column_margin=\u00a0\u00bbdefault\u00a0\u00bb column_direction=\u00a0\u00bbdefault\u00a0\u00bb column_direction_tablet=\u00a0\u00bbdefault\u00a0\u00bb column_direction_phone=\u00a0\u00bbdefault\u00a0\u00bb scene_position=\u00a0\u00bbcenter\u00a0\u00bb text_color=\u00a0\u00bbdark\u00a0\u00bb text_align=\u00a0\u00bbleft\u00a0\u00bb row_border_radius=\u00a0\u00bbnone\u00a0\u00bb row_border_radius_applies=\u00a0\u00bbbg\u00a0\u00bb overflow=\u00a0\u00bbvisible\u00a0\u00bb overlay_strength=\u00a0\u00bb0.3&Prime; gradient_direction=\u00a0\u00bbleft_to_right\u00a0\u00bb shape_divider_position=\u00a0\u00bbbottom\u00a0\u00bb bg_image_animation=\u00a0\u00bbnone\u00a0\u00bb][vc_column column_padding=\u00a0\u00bbno-extra-padding\u00a0\u00bb column_padding_tablet=\u00a0\u00bbinherit\u00a0\u00bb column_padding_phone=\u00a0\u00bbinherit\u00a0\u00bb column_padding_position=\u00a0\u00bball\u00a0\u00bb column_element_direction_desktop=\u00a0\u00bbdefault\u00a0\u00bb column_element_spacing=\u00a0\u00bbdefault\u00a0\u00bb desktop_text_alignment=\u00a0\u00bbdefault\u00a0\u00bb tablet_text_alignment=\u00a0\u00bbdefault\u00a0\u00bb phone_text_alignment=\u00a0\u00bbdefault\u00a0\u00bb background_color_opacity=\u00a0\u00bb1&Prime; background_hover_color_opacity=\u00a0\u00bb1&Prime; column_backdrop_filter=\u00a0\u00bbnone\u00a0\u00bb column_shadow=\u00a0\u00bbnone\u00a0\u00bb column_border_radius=\u00a0\u00bbnone\u00a0\u00bb column_link_target=\u00a0\u00bb_self\u00a0\u00bb column_position=\u00a0\u00bbdefault\u00a0\u00bb gradient_direction=\u00a0\u00bbleft_to_right\u00a0\u00bb overlay_strength=\u00a0\u00bb0.3&Prime; width=\u00a0\u00bb1\/1&Prime; tablet_width_inherit=\u00a0\u00bbdefault\u00a0\u00bb animation_type=\u00a0\u00bbdefault\u00a0\u00bb bg_image_animation=\u00a0\u00bbnone\u00a0\u00bb border_type=\u00a0\u00bbsimple\u00a0\u00bb column_border_width=\u00a0\u00bbnone\u00a0\u00bb column_border_style=\u00a0\u00bbsolid\u00a0\u00bb][vc_column_text text_direction=\u00a0\u00bbdefault\u00a0\u00bb]Passage de Fannie Laroche sur le plateau d\u2019\u00c9ric Latour. Flaura, cuir v\u00e9g\u00e9tal &#8211; Laur\u00e9at, volet cr\u00e9ation d\u2019entreprise au d\u00e9fi Osentreprendre.[\/vc_column_text][\/vc_column][\/vc_row][vc_row type=\u00a0\u00bbin_container\u00a0\u00bb full_screen_row_position=\u00a0\u00bbmiddle\u00a0\u00bb column_margin=\u00a0\u00bbdefault\u00a0\u00bb column_direction=\u00a0\u00bbdefault\u00a0\u00bb column_direction_tablet=\u00a0\u00bbdefault\u00a0\u00bb column_direction_phone=\u00a0\u00bbdefault\u00a0\u00bb scene_position=\u00a0\u00bbcenter\u00a0\u00bb text_color=\u00a0\u00bbdark\u00a0\u00bb text_align=\u00a0\u00bbleft\u00a0\u00bb row_border_radius=\u00a0\u00bbnone\u00a0\u00bb row_border_radius_applies=\u00a0\u00bbbg\u00a0\u00bb overflow=\u00a0\u00bbvisible\u00a0\u00bb overlay_strength=\u00a0\u00bb0.3&Prime; gradient_direction=\u00a0\u00bbleft_to_right\u00a0\u00bb shape_divider_position=\u00a0\u00bbbottom\u00a0\u00bb bg_image_animation=\u00a0\u00bbnone\u00a0\u00bb][vc_column column_padding=\u00a0\u00bbno-extra-padding\u00a0\u00bb column_padding_tablet=\u00a0\u00bbinherit\u00a0\u00bb column_padding_phone=\u00a0\u00bbinherit\u00a0\u00bb column_padding_position=\u00a0\u00bball\u00a0\u00bb column_element_direction_desktop=\u00a0\u00bbdefault\u00a0\u00bb column_element_spacing=\u00a0\u00bbdefault\u00a0\u00bb desktop_text_alignment=\u00a0\u00bbdefault\u00a0\u00bb tablet_text_alignment=\u00a0\u00bbdefault\u00a0\u00bb phone_text_alignment=\u00a0\u00bbdefault\u00a0\u00bb background_color_opacity=\u00a0\u00bb1&Prime; background_hover_color_opacity=\u00a0\u00bb1&Prime; column_backdrop_filter=\u00a0\u00bbnone\u00a0\u00bb column_shadow=\u00a0\u00bbnone\u00a0\u00bb column_border_radius=\u00a0\u00bbnone\u00a0\u00bb column_link_target=\u00a0\u00bb_self\u00a0\u00bb column_position=\u00a0\u00bbdefault\u00a0\u00bb gradient_direction=\u00a0\u00bbleft_to_right\u00a0\u00bb overlay_strength=\u00a0\u00bb0.3&Prime; width=\u00a0\u00bb1\/1&Prime; tablet_width_inherit=\u00a0\u00bbdefault\u00a0\u00bb animation_type=\u00a0\u00bbdefault\u00a0\u00bb bg_image_animation=\u00a0\u00bbnone\u00a0\u00bb border_type=\u00a0\u00bbsimple\u00a0\u00bb column_border_width=\u00a0\u00bbnone\u00a0\u00bb column_border_style=\u00a0\u00bbsolid\u00a0\u00bb][vc_video link=\u00a0\u00bbhttps:\/\/www.youtube.com\/watch?v=jr5JaNiMcco&amp;t=873s\u00a0\u00bb][\/vc_column][\/vc_row]\n","protected":false},"excerpt":{"rendered":"<p>[vc_row type=\u00a0\u00bbin_container\u00a0\u00bb full_screen_row_position=\u00a0\u00bbmiddle\u00a0\u00bb column_margin=\u00a0\u00bbdefault\u00a0\u00bb column_direction=\u00a0\u00bbdefault\u00a0\u00bb column_direction_tablet=\u00a0\u00bbdefault\u00a0\u00bb column_direction_phone=\u00a0\u00bbdefault\u00a0\u00bb scene_position=\u00a0\u00bbcenter\u00a0\u00bb text_color=\u00a0\u00bbdark\u00a0\u00bb text_align=\u00a0\u00bbleft\u00a0\u00bb row_border_radius=\u00a0\u00bbnone\u00a0\u00bb row_border_radius_applies=\u00a0\u00bbbg\u00a0\u00bb overflow=\u00a0\u00bbvisible\u00a0\u00bb overlay_strength=\u00a0\u00bb0.3&Prime; gradient_direction=\u00a0\u00bbleft_to_right\u00a0\u00bb shape_divider_position=\u00a0\u00bbbottom\u00a0\u00bb bg_image_animation=\u00a0\u00bbnone\u00a0\u00bb][vc_column column_padding=\u00a0\u00bbno-extra-padding\u00a0\u00bb column_padding_tablet=\u00a0\u00bbinherit\u00a0\u00bb column_padding_phone=\u00a0\u00bbinherit\u00a0\u00bb column_padding_position=\u00a0\u00bball\u00a0\u00bb column_element_direction_desktop=\u00a0\u00bbdefault\u00a0\u00bb column_element_spacing=\u00a0\u00bbdefault\u00a0\u00bb desktop_text_alignment=\u00a0\u00bbdefault\u00a0\u00bb tablet_text_alignment=\u00a0\u00bbdefault\u00a0\u00bb phone_text_alignment=\u00a0\u00bbdefault\u00a0\u00bb background_color_opacity=\u00a0\u00bb1&Prime; background_hover_color_opacity=\u00a0\u00bb1&Prime; column_backdrop_filter=\u00a0\u00bbnone\u00a0\u00bb column_shadow=\u00a0\u00bbnone\u00a0\u00bb&#8230;<\/p>\n","protected":false},"author":2,"featured_media":365,"comment_status":"closed","ping_status":"closed","sticky":false,"template":"","format":"standard","meta":{"_acf_changed":false,"inline_featured_image":false,"footnotes":""},"categories":[19],"tags":[],"class_list":["post-235","post","type-post","status-publish","format-standard","has-post-thumbnail","category-entrevue"],"acf":[],"yoast_head":"<!-- This site is optimized with the Yoast SEO plugin v28.2 - https:\/\/yoast.com\/product\/yoast-seo-wordpress\/ -->\n<title>Entrevue avec Fannie Laroche, co-fondatrice de Flaura - Flaura cuir v\u00e9g\u00e9tal<\/title>\n<meta name=\"robots\" content=\"index, follow, max-snippet:-1, max-image-preview:large, max-video-preview:-1\" \/>\n<link rel=\"canonical\" href=\"https:\/\/flauracuirvegetal.com\/entrevue-avec-fannie-laroche-co-fondatrice-de-flaura\/\" \/>\n<meta property=\"og:locale\" content=\"en_US\" \/>\n<meta property=\"og:type\" content=\"article\" \/>\n<meta property=\"og:title\" content=\"Entrevue avec Fannie Laroche, co-fondatrice de Flaura - Flaura cuir v\u00e9g\u00e9tal\" \/>\n<meta property=\"og:description\" content=\"[vc_row type=\u00a0\u00bbin_container\u00a0\u00bb full_screen_row_position=\u00a0\u00bbmiddle\u00a0\u00bb column_margin=\u00a0\u00bbdefault\u00a0\u00bb column_direction=\u00a0\u00bbdefault\u00a0\u00bb column_direction_tablet=\u00a0\u00bbdefault\u00a0\u00bb column_direction_phone=\u00a0\u00bbdefault\u00a0\u00bb scene_position=\u00a0\u00bbcenter\u00a0\u00bb text_color=\u00a0\u00bbdark\u00a0\u00bb text_align=\u00a0\u00bbleft\u00a0\u00bb row_border_radius=\u00a0\u00bbnone\u00a0\u00bb row_border_radius_applies=\u00a0\u00bbbg\u00a0\u00bb overflow=\u00a0\u00bbvisible\u00a0\u00bb overlay_strength=\u00a0\u00bb0.3&Prime; gradient_direction=\u00a0\u00bbleft_to_right\u00a0\u00bb shape_divider_position=\u00a0\u00bbbottom\u00a0\u00bb bg_image_animation=\u00a0\u00bbnone\u00a0\u00bb][vc_column column_padding=\u00a0\u00bbno-extra-padding\u00a0\u00bb column_padding_tablet=\u00a0\u00bbinherit\u00a0\u00bb column_padding_phone=\u00a0\u00bbinherit\u00a0\u00bb column_padding_position=\u00a0\u00bball\u00a0\u00bb column_element_direction_desktop=\u00a0\u00bbdefault\u00a0\u00bb column_element_spacing=\u00a0\u00bbdefault\u00a0\u00bb desktop_text_alignment=\u00a0\u00bbdefault\u00a0\u00bb tablet_text_alignment=\u00a0\u00bbdefault\u00a0\u00bb phone_text_alignment=\u00a0\u00bbdefault\u00a0\u00bb background_color_opacity=\u00a0\u00bb1&Prime; background_hover_color_opacity=\u00a0\u00bb1&Prime; column_backdrop_filter=\u00a0\u00bbnone\u00a0\u00bb column_shadow=\u00a0\u00bbnone\u00a0\u00bb...\" \/>\n<meta property=\"og:url\" content=\"https:\/\/flauracuirvegetal.com\/entrevue-avec-fannie-laroche-co-fondatrice-de-flaura\/\" \/>\n<meta property=\"og:site_name\" content=\"Flaura cuir v\u00e9g\u00e9tal\" \/>\n<meta property=\"article:published_time\" content=\"2024-02-01T15:25:46+00:00\" \/>\n<meta property=\"article:modified_time\" content=\"2024-02-06T18:45:00+00:00\" \/>\n<meta property=\"og:image\" content=\"https:\/\/flauracuirvegetal.com\/wp-content\/uploads\/2024\/02\/flaura-medias-entrevue-avec-fannie-1.jpg\" \/>\n\t<meta property=\"og:image:width\" content=\"2141\" \/>\n\t<meta property=\"og:image:height\" content=\"1204\" \/>\n\t<meta property=\"og:image:type\" content=\"image\/jpeg\" \/>\n<meta name=\"author\" content=\"dactylo\" \/>\n<meta name=\"twitter:card\" content=\"summary_large_image\" \/>\n<meta name=\"twitter:label1\" content=\"Written by\" \/>\n\t<meta name=\"twitter:data1\" content=\"dactylo\" \/>\n\t<meta name=\"twitter:label2\" content=\"Est. reading time\" \/>\n\t<meta name=\"twitter:data2\" content=\"2 minutes\" \/>\n<script type=\"application\/ld+json\" class=\"yoast-schema-graph\">{\"@context\":\"https:\\\/\\\/schema.org\",\"@graph\":[{\"@type\":\"Article\",\"@id\":\"https:\\\/\\\/flauracuirvegetal.com\\\/entrevue-avec-fannie-laroche-co-fondatrice-de-flaura\\\/#article\",\"isPartOf\":{\"@id\":\"https:\\\/\\\/flauracuirvegetal.com\\\/entrevue-avec-fannie-laroche-co-fondatrice-de-flaura\\\/\"},\"author\":{\"name\":\"dactylo\",\"@id\":\"https:\\\/\\\/flauracuirvegetal.com\\\/#\\\/schema\\\/person\\\/151fcb413ec08d8d2477dfc2e4120db5\"},\"headline\":\"Entrevue avec Fannie Laroche, co-fondatrice de Flaura\",\"datePublished\":\"2024-02-01T15:25:46+00:00\",\"dateModified\":\"2024-02-06T18:45:00+00:00\",\"mainEntityOfPage\":{\"@id\":\"https:\\\/\\\/flauracuirvegetal.com\\\/entrevue-avec-fannie-laroche-co-fondatrice-de-flaura\\\/\"},\"wordCount\":369,\"image\":{\"@id\":\"https:\\\/\\\/flauracuirvegetal.com\\\/entrevue-avec-fannie-laroche-co-fondatrice-de-flaura\\\/#primaryimage\"},\"thumbnailUrl\":\"https:\\\/\\\/flauracuirvegetal.com\\\/wp-content\\\/uploads\\\/2024\\\/02\\\/flaura-medias-entrevue-avec-fannie-1.jpg\",\"articleSection\":[\"Entrevue\"],\"inLanguage\":\"en-US\"},{\"@type\":\"WebPage\",\"@id\":\"https:\\\/\\\/flauracuirvegetal.com\\\/entrevue-avec-fannie-laroche-co-fondatrice-de-flaura\\\/\",\"url\":\"https:\\\/\\\/flauracuirvegetal.com\\\/entrevue-avec-fannie-laroche-co-fondatrice-de-flaura\\\/\",\"name\":\"Entrevue avec Fannie Laroche, co-fondatrice de Flaura - Flaura cuir v\u00e9g\u00e9tal\",\"isPartOf\":{\"@id\":\"https:\\\/\\\/flauracuirvegetal.com\\\/#website\"},\"primaryImageOfPage\":{\"@id\":\"https:\\\/\\\/flauracuirvegetal.com\\\/entrevue-avec-fannie-laroche-co-fondatrice-de-flaura\\\/#primaryimage\"},\"image\":{\"@id\":\"https:\\\/\\\/flauracuirvegetal.com\\\/entrevue-avec-fannie-laroche-co-fondatrice-de-flaura\\\/#primaryimage\"},\"thumbnailUrl\":\"https:\\\/\\\/flauracuirvegetal.com\\\/wp-content\\\/uploads\\\/2024\\\/02\\\/flaura-medias-entrevue-avec-fannie-1.jpg\",\"datePublished\":\"2024-02-01T15:25:46+00:00\",\"dateModified\":\"2024-02-06T18:45:00+00:00\",\"author\":{\"@id\":\"https:\\\/\\\/flauracuirvegetal.com\\\/#\\\/schema\\\/person\\\/151fcb413ec08d8d2477dfc2e4120db5\"},\"breadcrumb\":{\"@id\":\"https:\\\/\\\/flauracuirvegetal.com\\\/entrevue-avec-fannie-laroche-co-fondatrice-de-flaura\\\/#breadcrumb\"},\"inLanguage\":\"en-US\",\"potentialAction\":[{\"@type\":\"ReadAction\",\"target\":[\"https:\\\/\\\/flauracuirvegetal.com\\\/entrevue-avec-fannie-laroche-co-fondatrice-de-flaura\\\/\"]}]},{\"@type\":\"ImageObject\",\"inLanguage\":\"en-US\",\"@id\":\"https:\\\/\\\/flauracuirvegetal.com\\\/entrevue-avec-fannie-laroche-co-fondatrice-de-flaura\\\/#primaryimage\",\"url\":\"https:\\\/\\\/flauracuirvegetal.com\\\/wp-content\\\/uploads\\\/2024\\\/02\\\/flaura-medias-entrevue-avec-fannie-1.jpg\",\"contentUrl\":\"https:\\\/\\\/flauracuirvegetal.com\\\/wp-content\\\/uploads\\\/2024\\\/02\\\/flaura-medias-entrevue-avec-fannie-1.jpg\",\"width\":2141,\"height\":1204,\"caption\":\"Fannie Laroche\"},{\"@type\":\"BreadcrumbList\",\"@id\":\"https:\\\/\\\/flauracuirvegetal.com\\\/entrevue-avec-fannie-laroche-co-fondatrice-de-flaura\\\/#breadcrumb\",\"itemListElement\":[{\"@type\":\"ListItem\",\"position\":1,\"name\":\"Accueil\",\"item\":\"https:\\\/\\\/flauracuirvegetal.com\\\/\"},{\"@type\":\"ListItem\",\"position\":2,\"name\":\"Entrevue avec Fannie Laroche, co-fondatrice de Flaura\"}]},{\"@type\":\"WebSite\",\"@id\":\"https:\\\/\\\/flauracuirvegetal.com\\\/#website\",\"url\":\"https:\\\/\\\/flauracuirvegetal.com\\\/\",\"name\":\"Flaura - cuir v\u00e9g\u00e9tal\",\"description\":\"Nous transformons les pommes en cuir.\",\"alternateName\":\"Flaura\",\"potentialAction\":[{\"@type\":\"SearchAction\",\"target\":{\"@type\":\"EntryPoint\",\"urlTemplate\":\"https:\\\/\\\/flauracuirvegetal.com\\\/?s={search_term_string}\"},\"query-input\":{\"@type\":\"PropertyValueSpecification\",\"valueRequired\":true,\"valueName\":\"search_term_string\"}}],\"inLanguage\":\"en-US\"},{\"@type\":\"Person\",\"@id\":\"https:\\\/\\\/flauracuirvegetal.com\\\/#\\\/schema\\\/person\\\/151fcb413ec08d8d2477dfc2e4120db5\",\"name\":\"dactylo\",\"image\":{\"@type\":\"ImageObject\",\"inLanguage\":\"en-US\",\"@id\":\"https:\\\/\\\/secure.gravatar.com\\\/avatar\\\/4b333dd64ea56a0dd78c67bc246a7148919fdf9c195fadf747bbc1c3918ddc4b?s=96&d=mm&r=g\",\"url\":\"https:\\\/\\\/secure.gravatar.com\\\/avatar\\\/4b333dd64ea56a0dd78c67bc246a7148919fdf9c195fadf747bbc1c3918ddc4b?s=96&d=mm&r=g\",\"contentUrl\":\"https:\\\/\\\/secure.gravatar.com\\\/avatar\\\/4b333dd64ea56a0dd78c67bc246a7148919fdf9c195fadf747bbc1c3918ddc4b?s=96&d=mm&r=g\",\"caption\":\"dactylo\"},\"url\":\"https:\\\/\\\/flauracuirvegetal.com\\\/en\\\/author\\\/dactylo\\\/\"}]}<\/script>\n<!-- \/ Yoast SEO plugin. -->","yoast_head_json":{"title":"Entrevue avec Fannie Laroche, co-fondatrice de Flaura - Flaura cuir v\u00e9g\u00e9tal","robots":{"index":"index","follow":"follow","max-snippet":"max-snippet:-1","max-image-preview":"max-image-preview:large","max-video-preview":"max-video-preview:-1"},"canonical":"https:\/\/flauracuirvegetal.com\/entrevue-avec-fannie-laroche-co-fondatrice-de-flaura\/","og_locale":"en_US","og_type":"article","og_title":"Entrevue avec Fannie Laroche, co-fondatrice de Flaura - Flaura cuir v\u00e9g\u00e9tal","og_description":"[vc_row type=\u00a0\u00bbin_container\u00a0\u00bb full_screen_row_position=\u00a0\u00bbmiddle\u00a0\u00bb column_margin=\u00a0\u00bbdefault\u00a0\u00bb column_direction=\u00a0\u00bbdefault\u00a0\u00bb column_direction_tablet=\u00a0\u00bbdefault\u00a0\u00bb column_direction_phone=\u00a0\u00bbdefault\u00a0\u00bb scene_position=\u00a0\u00bbcenter\u00a0\u00bb text_color=\u00a0\u00bbdark\u00a0\u00bb text_align=\u00a0\u00bbleft\u00a0\u00bb row_border_radius=\u00a0\u00bbnone\u00a0\u00bb row_border_radius_applies=\u00a0\u00bbbg\u00a0\u00bb overflow=\u00a0\u00bbvisible\u00a0\u00bb overlay_strength=\u00a0\u00bb0.3&Prime; gradient_direction=\u00a0\u00bbleft_to_right\u00a0\u00bb shape_divider_position=\u00a0\u00bbbottom\u00a0\u00bb bg_image_animation=\u00a0\u00bbnone\u00a0\u00bb][vc_column column_padding=\u00a0\u00bbno-extra-padding\u00a0\u00bb column_padding_tablet=\u00a0\u00bbinherit\u00a0\u00bb column_padding_phone=\u00a0\u00bbinherit\u00a0\u00bb column_padding_position=\u00a0\u00bball\u00a0\u00bb column_element_direction_desktop=\u00a0\u00bbdefault\u00a0\u00bb column_element_spacing=\u00a0\u00bbdefault\u00a0\u00bb desktop_text_alignment=\u00a0\u00bbdefault\u00a0\u00bb tablet_text_alignment=\u00a0\u00bbdefault\u00a0\u00bb phone_text_alignment=\u00a0\u00bbdefault\u00a0\u00bb background_color_opacity=\u00a0\u00bb1&Prime; background_hover_color_opacity=\u00a0\u00bb1&Prime; column_backdrop_filter=\u00a0\u00bbnone\u00a0\u00bb column_shadow=\u00a0\u00bbnone\u00a0\u00bb...","og_url":"https:\/\/flauracuirvegetal.com\/entrevue-avec-fannie-laroche-co-fondatrice-de-flaura\/","og_site_name":"Flaura cuir v\u00e9g\u00e9tal","article_published_time":"2024-02-01T15:25:46+00:00","article_modified_time":"2024-02-06T18:45:00+00:00","og_image":[{"width":2141,"height":1204,"url":"https:\/\/flauracuirvegetal.com\/wp-content\/uploads\/2024\/02\/flaura-medias-entrevue-avec-fannie-1.jpg","type":"image\/jpeg"}],"author":"dactylo","twitter_card":"summary_large_image","twitter_misc":{"Written by":"dactylo","Est. reading time":"2 minutes"},"schema":{"@context":"https:\/\/schema.org","@graph":[{"@type":"Article","@id":"https:\/\/flauracuirvegetal.com\/entrevue-avec-fannie-laroche-co-fondatrice-de-flaura\/#article","isPartOf":{"@id":"https:\/\/flauracuirvegetal.com\/entrevue-avec-fannie-laroche-co-fondatrice-de-flaura\/"},"author":{"name":"dactylo","@id":"https:\/\/flauracuirvegetal.com\/#\/schema\/person\/151fcb413ec08d8d2477dfc2e4120db5"},"headline":"Entrevue avec Fannie Laroche, co-fondatrice de Flaura","datePublished":"2024-02-01T15:25:46+00:00","dateModified":"2024-02-06T18:45:00+00:00","mainEntityOfPage":{"@id":"https:\/\/flauracuirvegetal.com\/entrevue-avec-fannie-laroche-co-fondatrice-de-flaura\/"},"wordCount":369,"image":{"@id":"https:\/\/flauracuirvegetal.com\/entrevue-avec-fannie-laroche-co-fondatrice-de-flaura\/#primaryimage"},"thumbnailUrl":"https:\/\/flauracuirvegetal.com\/wp-content\/uploads\/2024\/02\/flaura-medias-entrevue-avec-fannie-1.jpg","articleSection":["Entrevue"],"inLanguage":"en-US"},{"@type":"WebPage","@id":"https:\/\/flauracuirvegetal.com\/entrevue-avec-fannie-laroche-co-fondatrice-de-flaura\/","url":"https:\/\/flauracuirvegetal.com\/entrevue-avec-fannie-laroche-co-fondatrice-de-flaura\/","name":"Entrevue avec Fannie Laroche, co-fondatrice de Flaura - Flaura cuir v\u00e9g\u00e9tal","isPartOf":{"@id":"https:\/\/flauracuirvegetal.com\/#website"},"primaryImageOfPage":{"@id":"https:\/\/flauracuirvegetal.com\/entrevue-avec-fannie-laroche-co-fondatrice-de-flaura\/#primaryimage"},"image":{"@id":"https:\/\/flauracuirvegetal.com\/entrevue-avec-fannie-laroche-co-fondatrice-de-flaura\/#primaryimage"},"thumbnailUrl":"https:\/\/flauracuirvegetal.com\/wp-content\/uploads\/2024\/02\/flaura-medias-entrevue-avec-fannie-1.jpg","datePublished":"2024-02-01T15:25:46+00:00","dateModified":"2024-02-06T18:45:00+00:00","author":{"@id":"https:\/\/flauracuirvegetal.com\/#\/schema\/person\/151fcb413ec08d8d2477dfc2e4120db5"},"breadcrumb":{"@id":"https:\/\/flauracuirvegetal.com\/entrevue-avec-fannie-laroche-co-fondatrice-de-flaura\/#breadcrumb"},"inLanguage":"en-US","potentialAction":[{"@type":"ReadAction","target":["https:\/\/flauracuirvegetal.com\/entrevue-avec-fannie-laroche-co-fondatrice-de-flaura\/"]}]},{"@type":"ImageObject","inLanguage":"en-US","@id":"https:\/\/flauracuirvegetal.com\/entrevue-avec-fannie-laroche-co-fondatrice-de-flaura\/#primaryimage","url":"https:\/\/flauracuirvegetal.com\/wp-content\/uploads\/2024\/02\/flaura-medias-entrevue-avec-fannie-1.jpg","contentUrl":"https:\/\/flauracuirvegetal.com\/wp-content\/uploads\/2024\/02\/flaura-medias-entrevue-avec-fannie-1.jpg","width":2141,"height":1204,"caption":"Fannie Laroche"},{"@type":"BreadcrumbList","@id":"https:\/\/flauracuirvegetal.com\/entrevue-avec-fannie-laroche-co-fondatrice-de-flaura\/#breadcrumb","itemListElement":[{"@type":"ListItem","position":1,"name":"Accueil","item":"https:\/\/flauracuirvegetal.com\/"},{"@type":"ListItem","position":2,"name":"Entrevue avec Fannie Laroche, co-fondatrice de Flaura"}]},{"@type":"WebSite","@id":"https:\/\/flauracuirvegetal.com\/#website","url":"https:\/\/flauracuirvegetal.com\/","name":"Flaura - cuir v\u00e9g\u00e9tal","description":"Nous transformons les pommes en cuir.","alternateName":"Flaura","potentialAction":[{"@type":"SearchAction","target":{"@type":"EntryPoint","urlTemplate":"https:\/\/flauracuirvegetal.com\/?s={search_term_string}"},"query-input":{"@type":"PropertyValueSpecification","valueRequired":true,"valueName":"search_term_string"}}],"inLanguage":"en-US"},{"@type":"Person","@id":"https:\/\/flauracuirvegetal.com\/#\/schema\/person\/151fcb413ec08d8d2477dfc2e4120db5","name":"dactylo","image":{"@type":"ImageObject","inLanguage":"en-US","@id":"https:\/\/secure.gravatar.com\/avatar\/4b333dd64ea56a0dd78c67bc246a7148919fdf9c195fadf747bbc1c3918ddc4b?s=96&d=mm&r=g","url":"https:\/\/secure.gravatar.com\/avatar\/4b333dd64ea56a0dd78c67bc246a7148919fdf9c195fadf747bbc1c3918ddc4b?s=96&d=mm&r=g","contentUrl":"https:\/\/secure.gravatar.com\/avatar\/4b333dd64ea56a0dd78c67bc246a7148919fdf9c195fadf747bbc1c3918ddc4b?s=96&d=mm&r=g","caption":"dactylo"},"url":"https:\/\/flauracuirvegetal.com\/en\/author\/dactylo\/"}]}},"_links":{"self":[{"href":"https:\/\/flauracuirvegetal.com\/en\/wp-json\/wp\/v2\/posts\/235","targetHints":{"allow":["GET"]}}],"collection":[{"href":"https:\/\/flauracuirvegetal.com\/en\/wp-json\/wp\/v2\/posts"}],"about":[{"href":"https:\/\/flauracuirvegetal.com\/en\/wp-json\/wp\/v2\/types\/post"}],"author":[{"embeddable":true,"href":"https:\/\/flauracuirvegetal.com\/en\/wp-json\/wp\/v2\/users\/2"}],"replies":[{"embeddable":true,"href":"https:\/\/flauracuirvegetal.com\/en\/wp-json\/wp\/v2\/comments?post=235"}],"version-history":[{"count":9,"href":"https:\/\/flauracuirvegetal.com\/en\/wp-json\/wp\/v2\/posts\/235\/revisions"}],"predecessor-version":[{"id":382,"href":"https:\/\/flauracuirvegetal.com\/en\/wp-json\/wp\/v2\/posts\/235\/revisions\/382"}],"wp:featuredmedia":[{"embeddable":true,"href":"https:\/\/flauracuirvegetal.com\/en\/wp-json\/wp\/v2\/media\/365"}],"wp:attachment":[{"href":"https:\/\/flauracuirvegetal.com\/en\/wp-json\/wp\/v2\/media?parent=235"}],"wp:term":[{"taxonomy":"category","embeddable":true,"href":"https:\/\/flauracuirvegetal.com\/en\/wp-json\/wp\/v2\/categories?post=235"},{"taxonomy":"post_tag","embeddable":true,"href":"https:\/\/flauracuirvegetal.com\/en\/wp-json\/wp\/v2\/tags?post=235"}],"curies":[{"name":"wp","href":"https:\/\/api.w.org\/{rel}","templated":true}]}}