{"id":236,"date":"2024-02-01T10:26:35","date_gmt":"2024-02-01T15:26:35","guid":{"rendered":"https:\/\/flaura.enconstruction.website\/?p=236"},"modified":"2024-02-06T13:46:18","modified_gmt":"2024-02-06T18:46:18","slug":"se-lancer-dans-la-fabrication-du-cuir-vegetal","status":"publish","type":"post","link":"https:\/\/flauracuirvegetal.com\/en\/se-lancer-dans-la-fabrication-du-cuir-vegetal\/","title":{"rendered":"Se lancer dans la fabrication  du cuir v\u00e9g\u00e9tal"},"content":{"rendered":"[vc_row type=\u00a0\u00bbin_container\u00a0\u00bb full_screen_row_position=\u00a0\u00bbmiddle\u00a0\u00bb column_margin=\u00a0\u00bbdefault\u00a0\u00bb column_direction=\u00a0\u00bbdefault\u00a0\u00bb column_direction_tablet=\u00a0\u00bbdefault\u00a0\u00bb column_direction_phone=\u00a0\u00bbdefault\u00a0\u00bb scene_position=\u00a0\u00bbcenter\u00a0\u00bb text_color=\u00a0\u00bbdark\u00a0\u00bb text_align=\u00a0\u00bbleft\u00a0\u00bb row_border_radius=\u00a0\u00bbnone\u00a0\u00bb row_border_radius_applies=\u00a0\u00bbbg\u00a0\u00bb overflow=\u00a0\u00bbvisible\u00a0\u00bb overlay_strength=\u00a0\u00bb0.3&Prime; gradient_direction=\u00a0\u00bbleft_to_right\u00a0\u00bb shape_divider_position=\u00a0\u00bbbottom\u00a0\u00bb bg_image_animation=\u00a0\u00bbnone\u00a0\u00bb][vc_column column_padding=\u00a0\u00bbno-extra-padding\u00a0\u00bb column_padding_tablet=\u00a0\u00bbinherit\u00a0\u00bb column_padding_phone=\u00a0\u00bbinherit\u00a0\u00bb column_padding_position=\u00a0\u00bball\u00a0\u00bb column_element_direction_desktop=\u00a0\u00bbdefault\u00a0\u00bb column_element_spacing=\u00a0\u00bbdefault\u00a0\u00bb desktop_text_alignment=\u00a0\u00bbdefault\u00a0\u00bb tablet_text_alignment=\u00a0\u00bbdefault\u00a0\u00bb phone_text_alignment=\u00a0\u00bbdefault\u00a0\u00bb background_color_opacity=\u00a0\u00bb1&Prime; background_hover_color_opacity=\u00a0\u00bb1&Prime; column_backdrop_filter=\u00a0\u00bbnone\u00a0\u00bb column_shadow=\u00a0\u00bbnone\u00a0\u00bb column_border_radius=\u00a0\u00bbnone\u00a0\u00bb column_link_target=\u00a0\u00bb_self\u00a0\u00bb column_position=\u00a0\u00bbdefault\u00a0\u00bb gradient_direction=\u00a0\u00bbleft_to_right\u00a0\u00bb overlay_strength=\u00a0\u00bb0.3&Prime; width=\u00a0\u00bb1\/1&Prime; tablet_width_inherit=\u00a0\u00bbdefault\u00a0\u00bb animation_type=\u00a0\u00bbdefault\u00a0\u00bb bg_image_animation=\u00a0\u00bbnone\u00a0\u00bb border_type=\u00a0\u00bbsimple\u00a0\u00bb column_border_width=\u00a0\u00bbnone\u00a0\u00bb column_border_style=\u00a0\u00bbsolid\u00a0\u00bb][vc_column_text]Fannie Laroche a grandi dans une famille ou l\u2019entreprenariat \u00e9tait un mode de vie. Riche de 10 ans d\u2019exp\u00e9rience en tant que styliste personnelle \u00e0 son compte, elle se questionne depuis un moment sur les pratiques \u00e9thiques appliqu\u00e9es dans le milieu de la mode et, faute d\u2019options int\u00e9ressantes, d\u00e9cide de cr\u00e9er sa propre solution : La cr\u00e9ation de cuirs v\u00e9g\u00e9taux \u00e0 partir de mati\u00e8res r\u00e9siduelles.<\/p>\n<p>Elle-m\u00eame v\u00e9g\u00e9talienne engag\u00e9e et motiv\u00e9e \u00e0 faire avancer la cause, elle cr\u00e9e Flaura, cuir v\u00e9g\u00e9tal afin d\u2019offrir des cuirs haut de gamme durables, locaux et naturels aux march\u00e9s du textile et des int\u00e9rieurs de voiture.[\/vc_column_text][\/vc_column][\/vc_row][vc_row type=\u00a0\u00bbin_container\u00a0\u00bb full_screen_row_position=\u00a0\u00bbmiddle\u00a0\u00bb column_margin=\u00a0\u00bbdefault\u00a0\u00bb column_direction=\u00a0\u00bbdefault\u00a0\u00bb column_direction_tablet=\u00a0\u00bbdefault\u00a0\u00bb column_direction_phone=\u00a0\u00bbdefault\u00a0\u00bb scene_position=\u00a0\u00bbcenter\u00a0\u00bb text_color=\u00a0\u00bbdark\u00a0\u00bb text_align=\u00a0\u00bbleft\u00a0\u00bb row_border_radius=\u00a0\u00bbnone\u00a0\u00bb row_border_radius_applies=\u00a0\u00bbbg\u00a0\u00bb overflow=\u00a0\u00bbvisible\u00a0\u00bb overlay_strength=\u00a0\u00bb0.3&Prime; gradient_direction=\u00a0\u00bbleft_to_right\u00a0\u00bb shape_divider_position=\u00a0\u00bbbottom\u00a0\u00bb bg_image_animation=\u00a0\u00bbnone\u00a0\u00bb][vc_column column_padding=\u00a0\u00bbno-extra-padding\u00a0\u00bb column_padding_tablet=\u00a0\u00bbinherit\u00a0\u00bb column_padding_phone=\u00a0\u00bbinherit\u00a0\u00bb column_padding_position=\u00a0\u00bball\u00a0\u00bb column_element_direction_desktop=\u00a0\u00bbdefault\u00a0\u00bb column_element_spacing=\u00a0\u00bbdefault\u00a0\u00bb desktop_text_alignment=\u00a0\u00bbdefault\u00a0\u00bb tablet_text_alignment=\u00a0\u00bbdefault\u00a0\u00bb phone_text_alignment=\u00a0\u00bbdefault\u00a0\u00bb background_color_opacity=\u00a0\u00bb1&Prime; background_hover_color_opacity=\u00a0\u00bb1&Prime; column_backdrop_filter=\u00a0\u00bbnone\u00a0\u00bb column_shadow=\u00a0\u00bbnone\u00a0\u00bb column_border_radius=\u00a0\u00bbnone\u00a0\u00bb column_link_target=\u00a0\u00bb_self\u00a0\u00bb column_position=\u00a0\u00bbdefault\u00a0\u00bb gradient_direction=\u00a0\u00bbleft_to_right\u00a0\u00bb overlay_strength=\u00a0\u00bb0.3&Prime; width=\u00a0\u00bb1\/1&Prime; tablet_width_inherit=\u00a0\u00bbdefault\u00a0\u00bb animation_type=\u00a0\u00bbdefault\u00a0\u00bb bg_image_animation=\u00a0\u00bbnone\u00a0\u00bb border_type=\u00a0\u00bbsimple\u00a0\u00bb column_border_width=\u00a0\u00bbnone\u00a0\u00bb column_border_style=\u00a0\u00bbsolid\u00a0\u00bb][vc_video link=\u00a0\u00bbhttps:\/\/www.youtube.com\/watch?v=5Zmf8Mw8DeI\u00a0\u00bb][\/vc_column][\/vc_row]\n","protected":false},"excerpt":{"rendered":"<p>[vc_row type=\u00a0\u00bbin_container\u00a0\u00bb full_screen_row_position=\u00a0\u00bbmiddle\u00a0\u00bb column_margin=\u00a0\u00bbdefault\u00a0\u00bb column_direction=\u00a0\u00bbdefault\u00a0\u00bb column_direction_tablet=\u00a0\u00bbdefault\u00a0\u00bb column_direction_phone=\u00a0\u00bbdefault\u00a0\u00bb scene_position=\u00a0\u00bbcenter\u00a0\u00bb text_color=\u00a0\u00bbdark\u00a0\u00bb text_align=\u00a0\u00bbleft\u00a0\u00bb row_border_radius=\u00a0\u00bbnone\u00a0\u00bb row_border_radius_applies=\u00a0\u00bbbg\u00a0\u00bb overflow=\u00a0\u00bbvisible\u00a0\u00bb overlay_strength=\u00a0\u00bb0.3&Prime; gradient_direction=\u00a0\u00bbleft_to_right\u00a0\u00bb shape_divider_position=\u00a0\u00bbbottom\u00a0\u00bb bg_image_animation=\u00a0\u00bbnone\u00a0\u00bb][vc_column column_padding=\u00a0\u00bbno-extra-padding\u00a0\u00bb column_padding_tablet=\u00a0\u00bbinherit\u00a0\u00bb column_padding_phone=\u00a0\u00bbinherit\u00a0\u00bb column_padding_position=\u00a0\u00bball\u00a0\u00bb column_element_direction_desktop=\u00a0\u00bbdefault\u00a0\u00bb column_element_spacing=\u00a0\u00bbdefault\u00a0\u00bb desktop_text_alignment=\u00a0\u00bbdefault\u00a0\u00bb tablet_text_alignment=\u00a0\u00bbdefault\u00a0\u00bb phone_text_alignment=\u00a0\u00bbdefault\u00a0\u00bb background_color_opacity=\u00a0\u00bb1&Prime; background_hover_color_opacity=\u00a0\u00bb1&Prime; column_backdrop_filter=\u00a0\u00bbnone\u00a0\u00bb column_shadow=\u00a0\u00bbnone\u00a0\u00bb&#8230;<\/p>\n","protected":false},"author":2,"featured_media":363,"comment_status":"closed","ping_status":"closed","sticky":false,"template":"","format":"standard","meta":{"_acf_changed":false,"inline_featured_image":false,"footnotes":""},"categories":[20],"tags":[],"class_list":["post-236","post","type-post","status-publish","format-standard","has-post-thumbnail","category-podcast"],"acf":[],"yoast_head":"<!-- This site is optimized with the Yoast SEO plugin v28.2 - https:\/\/yoast.com\/product\/yoast-seo-wordpress\/ -->\n<title>Se lancer dans la fabrication du cuir v\u00e9g\u00e9tal - Flaura cuir v\u00e9g\u00e9tal<\/title>\n<meta name=\"robots\" content=\"index, follow, max-snippet:-1, max-image-preview:large, max-video-preview:-1\" \/>\n<link rel=\"canonical\" href=\"https:\/\/flauracuirvegetal.com\/se-lancer-dans-la-fabrication-du-cuir-vegetal\/\" \/>\n<meta property=\"og:locale\" content=\"en_US\" \/>\n<meta property=\"og:type\" content=\"article\" \/>\n<meta property=\"og:title\" content=\"Se lancer dans la fabrication du cuir v\u00e9g\u00e9tal - Flaura cuir v\u00e9g\u00e9tal\" \/>\n<meta property=\"og:description\" content=\"[vc_row type=\u00a0\u00bbin_container\u00a0\u00bb full_screen_row_position=\u00a0\u00bbmiddle\u00a0\u00bb column_margin=\u00a0\u00bbdefault\u00a0\u00bb column_direction=\u00a0\u00bbdefault\u00a0\u00bb column_direction_tablet=\u00a0\u00bbdefault\u00a0\u00bb column_direction_phone=\u00a0\u00bbdefault\u00a0\u00bb scene_position=\u00a0\u00bbcenter\u00a0\u00bb text_color=\u00a0\u00bbdark\u00a0\u00bb text_align=\u00a0\u00bbleft\u00a0\u00bb row_border_radius=\u00a0\u00bbnone\u00a0\u00bb row_border_radius_applies=\u00a0\u00bbbg\u00a0\u00bb overflow=\u00a0\u00bbvisible\u00a0\u00bb overlay_strength=\u00a0\u00bb0.3&Prime; gradient_direction=\u00a0\u00bbleft_to_right\u00a0\u00bb shape_divider_position=\u00a0\u00bbbottom\u00a0\u00bb bg_image_animation=\u00a0\u00bbnone\u00a0\u00bb][vc_column column_padding=\u00a0\u00bbno-extra-padding\u00a0\u00bb column_padding_tablet=\u00a0\u00bbinherit\u00a0\u00bb column_padding_phone=\u00a0\u00bbinherit\u00a0\u00bb column_padding_position=\u00a0\u00bball\u00a0\u00bb column_element_direction_desktop=\u00a0\u00bbdefault\u00a0\u00bb column_element_spacing=\u00a0\u00bbdefault\u00a0\u00bb desktop_text_alignment=\u00a0\u00bbdefault\u00a0\u00bb tablet_text_alignment=\u00a0\u00bbdefault\u00a0\u00bb phone_text_alignment=\u00a0\u00bbdefault\u00a0\u00bb background_color_opacity=\u00a0\u00bb1&Prime; background_hover_color_opacity=\u00a0\u00bb1&Prime; column_backdrop_filter=\u00a0\u00bbnone\u00a0\u00bb column_shadow=\u00a0\u00bbnone\u00a0\u00bb...\" \/>\n<meta property=\"og:url\" content=\"https:\/\/flauracuirvegetal.com\/se-lancer-dans-la-fabrication-du-cuir-vegetal\/\" \/>\n<meta property=\"og:site_name\" content=\"Flaura cuir v\u00e9g\u00e9tal\" \/>\n<meta property=\"article:published_time\" content=\"2024-02-01T15:26:35+00:00\" \/>\n<meta property=\"article:modified_time\" content=\"2024-02-06T18:46:18+00:00\" \/>\n<meta property=\"og:image\" content=\"https:\/\/flauracuirvegetal.com\/wp-content\/uploads\/2024\/02\/flaura-medias-se-lancer-dans-la-fabrication-du-cuir-vegetal.jpg\" \/>\n\t<meta property=\"og:image:width\" content=\"2141\" \/>\n\t<meta property=\"og:image:height\" content=\"1204\" \/>\n\t<meta property=\"og:image:type\" content=\"image\/jpeg\" \/>\n<meta name=\"author\" content=\"dactylo\" \/>\n<meta name=\"twitter:card\" content=\"summary_large_image\" \/>\n<meta name=\"twitter:label1\" content=\"Written by\" \/>\n\t<meta name=\"twitter:data1\" content=\"dactylo\" \/>\n\t<meta name=\"twitter:label2\" content=\"Est. reading time\" \/>\n\t<meta name=\"twitter:data2\" content=\"2 minutes\" \/>\n<script type=\"application\/ld+json\" class=\"yoast-schema-graph\">{\"@context\":\"https:\\\/\\\/schema.org\",\"@graph\":[{\"@type\":\"Article\",\"@id\":\"https:\\\/\\\/flauracuirvegetal.com\\\/se-lancer-dans-la-fabrication-du-cuir-vegetal\\\/#article\",\"isPartOf\":{\"@id\":\"https:\\\/\\\/flauracuirvegetal.com\\\/se-lancer-dans-la-fabrication-du-cuir-vegetal\\\/\"},\"author\":{\"name\":\"dactylo\",\"@id\":\"https:\\\/\\\/flauracuirvegetal.com\\\/#\\\/schema\\\/person\\\/151fcb413ec08d8d2477dfc2e4120db5\"},\"headline\":\"Se lancer dans la fabrication du cuir v\u00e9g\u00e9tal\",\"datePublished\":\"2024-02-01T15:26:35+00:00\",\"dateModified\":\"2024-02-06T18:46:18+00:00\",\"mainEntityOfPage\":{\"@id\":\"https:\\\/\\\/flauracuirvegetal.com\\\/se-lancer-dans-la-fabrication-du-cuir-vegetal\\\/\"},\"wordCount\":459,\"image\":{\"@id\":\"https:\\\/\\\/flauracuirvegetal.com\\\/se-lancer-dans-la-fabrication-du-cuir-vegetal\\\/#primaryimage\"},\"thumbnailUrl\":\"https:\\\/\\\/flauracuirvegetal.com\\\/wp-content\\\/uploads\\\/2024\\\/02\\\/flaura-medias-se-lancer-dans-la-fabrication-du-cuir-vegetal.jpg\",\"articleSection\":[\"Podcast\"],\"inLanguage\":\"en-US\"},{\"@type\":\"WebPage\",\"@id\":\"https:\\\/\\\/flauracuirvegetal.com\\\/se-lancer-dans-la-fabrication-du-cuir-vegetal\\\/\",\"url\":\"https:\\\/\\\/flauracuirvegetal.com\\\/se-lancer-dans-la-fabrication-du-cuir-vegetal\\\/\",\"name\":\"Se lancer dans la fabrication du cuir v\u00e9g\u00e9tal - Flaura cuir v\u00e9g\u00e9tal\",\"isPartOf\":{\"@id\":\"https:\\\/\\\/flauracuirvegetal.com\\\/#website\"},\"primaryImageOfPage\":{\"@id\":\"https:\\\/\\\/flauracuirvegetal.com\\\/se-lancer-dans-la-fabrication-du-cuir-vegetal\\\/#primaryimage\"},\"image\":{\"@id\":\"https:\\\/\\\/flauracuirvegetal.com\\\/se-lancer-dans-la-fabrication-du-cuir-vegetal\\\/#primaryimage\"},\"thumbnailUrl\":\"https:\\\/\\\/flauracuirvegetal.com\\\/wp-content\\\/uploads\\\/2024\\\/02\\\/flaura-medias-se-lancer-dans-la-fabrication-du-cuir-vegetal.jpg\",\"datePublished\":\"2024-02-01T15:26:35+00:00\",\"dateModified\":\"2024-02-06T18:46:18+00:00\",\"author\":{\"@id\":\"https:\\\/\\\/flauracuirvegetal.com\\\/#\\\/schema\\\/person\\\/151fcb413ec08d8d2477dfc2e4120db5\"},\"breadcrumb\":{\"@id\":\"https:\\\/\\\/flauracuirvegetal.com\\\/se-lancer-dans-la-fabrication-du-cuir-vegetal\\\/#breadcrumb\"},\"inLanguage\":\"en-US\",\"potentialAction\":[{\"@type\":\"ReadAction\",\"target\":[\"https:\\\/\\\/flauracuirvegetal.com\\\/se-lancer-dans-la-fabrication-du-cuir-vegetal\\\/\"]}]},{\"@type\":\"ImageObject\",\"inLanguage\":\"en-US\",\"@id\":\"https:\\\/\\\/flauracuirvegetal.com\\\/se-lancer-dans-la-fabrication-du-cuir-vegetal\\\/#primaryimage\",\"url\":\"https:\\\/\\\/flauracuirvegetal.com\\\/wp-content\\\/uploads\\\/2024\\\/02\\\/flaura-medias-se-lancer-dans-la-fabrication-du-cuir-vegetal.jpg\",\"contentUrl\":\"https:\\\/\\\/flauracuirvegetal.com\\\/wp-content\\\/uploads\\\/2024\\\/02\\\/flaura-medias-se-lancer-dans-la-fabrication-du-cuir-vegetal.jpg\",\"width\":2141,\"height\":1204,\"caption\":\"Se lancer dans la fabrication de cuir v\u00e9g\u00e9tal\"},{\"@type\":\"BreadcrumbList\",\"@id\":\"https:\\\/\\\/flauracuirvegetal.com\\\/se-lancer-dans-la-fabrication-du-cuir-vegetal\\\/#breadcrumb\",\"itemListElement\":[{\"@type\":\"ListItem\",\"position\":1,\"name\":\"Accueil\",\"item\":\"https:\\\/\\\/flauracuirvegetal.com\\\/\"},{\"@type\":\"ListItem\",\"position\":2,\"name\":\"Se lancer dans la fabrication du cuir v\u00e9g\u00e9tal\"}]},{\"@type\":\"WebSite\",\"@id\":\"https:\\\/\\\/flauracuirvegetal.com\\\/#website\",\"url\":\"https:\\\/\\\/flauracuirvegetal.com\\\/\",\"name\":\"Flaura - cuir v\u00e9g\u00e9tal\",\"description\":\"Nous transformons les pommes en cuir.\",\"alternateName\":\"Flaura\",\"potentialAction\":[{\"@type\":\"SearchAction\",\"target\":{\"@type\":\"EntryPoint\",\"urlTemplate\":\"https:\\\/\\\/flauracuirvegetal.com\\\/?s={search_term_string}\"},\"query-input\":{\"@type\":\"PropertyValueSpecification\",\"valueRequired\":true,\"valueName\":\"search_term_string\"}}],\"inLanguage\":\"en-US\"},{\"@type\":\"Person\",\"@id\":\"https:\\\/\\\/flauracuirvegetal.com\\\/#\\\/schema\\\/person\\\/151fcb413ec08d8d2477dfc2e4120db5\",\"name\":\"dactylo\",\"image\":{\"@type\":\"ImageObject\",\"inLanguage\":\"en-US\",\"@id\":\"https:\\\/\\\/secure.gravatar.com\\\/avatar\\\/4b333dd64ea56a0dd78c67bc246a7148919fdf9c195fadf747bbc1c3918ddc4b?s=96&d=mm&r=g\",\"url\":\"https:\\\/\\\/secure.gravatar.com\\\/avatar\\\/4b333dd64ea56a0dd78c67bc246a7148919fdf9c195fadf747bbc1c3918ddc4b?s=96&d=mm&r=g\",\"contentUrl\":\"https:\\\/\\\/secure.gravatar.com\\\/avatar\\\/4b333dd64ea56a0dd78c67bc246a7148919fdf9c195fadf747bbc1c3918ddc4b?s=96&d=mm&r=g\",\"caption\":\"dactylo\"},\"url\":\"https:\\\/\\\/flauracuirvegetal.com\\\/en\\\/author\\\/dactylo\\\/\"}]}<\/script>\n<!-- \/ Yoast SEO plugin. -->","yoast_head_json":{"title":"Se lancer dans la fabrication du cuir v\u00e9g\u00e9tal - Flaura cuir v\u00e9g\u00e9tal","robots":{"index":"index","follow":"follow","max-snippet":"max-snippet:-1","max-image-preview":"max-image-preview:large","max-video-preview":"max-video-preview:-1"},"canonical":"https:\/\/flauracuirvegetal.com\/se-lancer-dans-la-fabrication-du-cuir-vegetal\/","og_locale":"en_US","og_type":"article","og_title":"Se lancer dans la fabrication du cuir v\u00e9g\u00e9tal - Flaura cuir v\u00e9g\u00e9tal","og_description":"[vc_row type=\u00a0\u00bbin_container\u00a0\u00bb full_screen_row_position=\u00a0\u00bbmiddle\u00a0\u00bb column_margin=\u00a0\u00bbdefault\u00a0\u00bb column_direction=\u00a0\u00bbdefault\u00a0\u00bb column_direction_tablet=\u00a0\u00bbdefault\u00a0\u00bb column_direction_phone=\u00a0\u00bbdefault\u00a0\u00bb scene_position=\u00a0\u00bbcenter\u00a0\u00bb text_color=\u00a0\u00bbdark\u00a0\u00bb text_align=\u00a0\u00bbleft\u00a0\u00bb row_border_radius=\u00a0\u00bbnone\u00a0\u00bb row_border_radius_applies=\u00a0\u00bbbg\u00a0\u00bb overflow=\u00a0\u00bbvisible\u00a0\u00bb overlay_strength=\u00a0\u00bb0.3&Prime; gradient_direction=\u00a0\u00bbleft_to_right\u00a0\u00bb shape_divider_position=\u00a0\u00bbbottom\u00a0\u00bb bg_image_animation=\u00a0\u00bbnone\u00a0\u00bb][vc_column column_padding=\u00a0\u00bbno-extra-padding\u00a0\u00bb column_padding_tablet=\u00a0\u00bbinherit\u00a0\u00bb column_padding_phone=\u00a0\u00bbinherit\u00a0\u00bb column_padding_position=\u00a0\u00bball\u00a0\u00bb column_element_direction_desktop=\u00a0\u00bbdefault\u00a0\u00bb column_element_spacing=\u00a0\u00bbdefault\u00a0\u00bb desktop_text_alignment=\u00a0\u00bbdefault\u00a0\u00bb tablet_text_alignment=\u00a0\u00bbdefault\u00a0\u00bb phone_text_alignment=\u00a0\u00bbdefault\u00a0\u00bb background_color_opacity=\u00a0\u00bb1&Prime; background_hover_color_opacity=\u00a0\u00bb1&Prime; column_backdrop_filter=\u00a0\u00bbnone\u00a0\u00bb column_shadow=\u00a0\u00bbnone\u00a0\u00bb...","og_url":"https:\/\/flauracuirvegetal.com\/se-lancer-dans-la-fabrication-du-cuir-vegetal\/","og_site_name":"Flaura cuir v\u00e9g\u00e9tal","article_published_time":"2024-02-01T15:26:35+00:00","article_modified_time":"2024-02-06T18:46:18+00:00","og_image":[{"width":2141,"height":1204,"url":"https:\/\/flauracuirvegetal.com\/wp-content\/uploads\/2024\/02\/flaura-medias-se-lancer-dans-la-fabrication-du-cuir-vegetal.jpg","type":"image\/jpeg"}],"author":"dactylo","twitter_card":"summary_large_image","twitter_misc":{"Written by":"dactylo","Est. reading time":"2 minutes"},"schema":{"@context":"https:\/\/schema.org","@graph":[{"@type":"Article","@id":"https:\/\/flauracuirvegetal.com\/se-lancer-dans-la-fabrication-du-cuir-vegetal\/#article","isPartOf":{"@id":"https:\/\/flauracuirvegetal.com\/se-lancer-dans-la-fabrication-du-cuir-vegetal\/"},"author":{"name":"dactylo","@id":"https:\/\/flauracuirvegetal.com\/#\/schema\/person\/151fcb413ec08d8d2477dfc2e4120db5"},"headline":"Se lancer dans la fabrication du cuir v\u00e9g\u00e9tal","datePublished":"2024-02-01T15:26:35+00:00","dateModified":"2024-02-06T18:46:18+00:00","mainEntityOfPage":{"@id":"https:\/\/flauracuirvegetal.com\/se-lancer-dans-la-fabrication-du-cuir-vegetal\/"},"wordCount":459,"image":{"@id":"https:\/\/flauracuirvegetal.com\/se-lancer-dans-la-fabrication-du-cuir-vegetal\/#primaryimage"},"thumbnailUrl":"https:\/\/flauracuirvegetal.com\/wp-content\/uploads\/2024\/02\/flaura-medias-se-lancer-dans-la-fabrication-du-cuir-vegetal.jpg","articleSection":["Podcast"],"inLanguage":"en-US"},{"@type":"WebPage","@id":"https:\/\/flauracuirvegetal.com\/se-lancer-dans-la-fabrication-du-cuir-vegetal\/","url":"https:\/\/flauracuirvegetal.com\/se-lancer-dans-la-fabrication-du-cuir-vegetal\/","name":"Se lancer dans la fabrication du cuir v\u00e9g\u00e9tal - Flaura cuir v\u00e9g\u00e9tal","isPartOf":{"@id":"https:\/\/flauracuirvegetal.com\/#website"},"primaryImageOfPage":{"@id":"https:\/\/flauracuirvegetal.com\/se-lancer-dans-la-fabrication-du-cuir-vegetal\/#primaryimage"},"image":{"@id":"https:\/\/flauracuirvegetal.com\/se-lancer-dans-la-fabrication-du-cuir-vegetal\/#primaryimage"},"thumbnailUrl":"https:\/\/flauracuirvegetal.com\/wp-content\/uploads\/2024\/02\/flaura-medias-se-lancer-dans-la-fabrication-du-cuir-vegetal.jpg","datePublished":"2024-02-01T15:26:35+00:00","dateModified":"2024-02-06T18:46:18+00:00","author":{"@id":"https:\/\/flauracuirvegetal.com\/#\/schema\/person\/151fcb413ec08d8d2477dfc2e4120db5"},"breadcrumb":{"@id":"https:\/\/flauracuirvegetal.com\/se-lancer-dans-la-fabrication-du-cuir-vegetal\/#breadcrumb"},"inLanguage":"en-US","potentialAction":[{"@type":"ReadAction","target":["https:\/\/flauracuirvegetal.com\/se-lancer-dans-la-fabrication-du-cuir-vegetal\/"]}]},{"@type":"ImageObject","inLanguage":"en-US","@id":"https:\/\/flauracuirvegetal.com\/se-lancer-dans-la-fabrication-du-cuir-vegetal\/#primaryimage","url":"https:\/\/flauracuirvegetal.com\/wp-content\/uploads\/2024\/02\/flaura-medias-se-lancer-dans-la-fabrication-du-cuir-vegetal.jpg","contentUrl":"https:\/\/flauracuirvegetal.com\/wp-content\/uploads\/2024\/02\/flaura-medias-se-lancer-dans-la-fabrication-du-cuir-vegetal.jpg","width":2141,"height":1204,"caption":"Se lancer dans la fabrication de cuir v\u00e9g\u00e9tal"},{"@type":"BreadcrumbList","@id":"https:\/\/flauracuirvegetal.com\/se-lancer-dans-la-fabrication-du-cuir-vegetal\/#breadcrumb","itemListElement":[{"@type":"ListItem","position":1,"name":"Accueil","item":"https:\/\/flauracuirvegetal.com\/"},{"@type":"ListItem","position":2,"name":"Se lancer dans la fabrication du cuir v\u00e9g\u00e9tal"}]},{"@type":"WebSite","@id":"https:\/\/flauracuirvegetal.com\/#website","url":"https:\/\/flauracuirvegetal.com\/","name":"Flaura - cuir v\u00e9g\u00e9tal","description":"Nous transformons les pommes en cuir.","alternateName":"Flaura","potentialAction":[{"@type":"SearchAction","target":{"@type":"EntryPoint","urlTemplate":"https:\/\/flauracuirvegetal.com\/?s={search_term_string}"},"query-input":{"@type":"PropertyValueSpecification","valueRequired":true,"valueName":"search_term_string"}}],"inLanguage":"en-US"},{"@type":"Person","@id":"https:\/\/flauracuirvegetal.com\/#\/schema\/person\/151fcb413ec08d8d2477dfc2e4120db5","name":"dactylo","image":{"@type":"ImageObject","inLanguage":"en-US","@id":"https:\/\/secure.gravatar.com\/avatar\/4b333dd64ea56a0dd78c67bc246a7148919fdf9c195fadf747bbc1c3918ddc4b?s=96&d=mm&r=g","url":"https:\/\/secure.gravatar.com\/avatar\/4b333dd64ea56a0dd78c67bc246a7148919fdf9c195fadf747bbc1c3918ddc4b?s=96&d=mm&r=g","contentUrl":"https:\/\/secure.gravatar.com\/avatar\/4b333dd64ea56a0dd78c67bc246a7148919fdf9c195fadf747bbc1c3918ddc4b?s=96&d=mm&r=g","caption":"dactylo"},"url":"https:\/\/flauracuirvegetal.com\/en\/author\/dactylo\/"}]}},"_links":{"self":[{"href":"https:\/\/flauracuirvegetal.com\/en\/wp-json\/wp\/v2\/posts\/236","targetHints":{"allow":["GET"]}}],"collection":[{"href":"https:\/\/flauracuirvegetal.com\/en\/wp-json\/wp\/v2\/posts"}],"about":[{"href":"https:\/\/flauracuirvegetal.com\/en\/wp-json\/wp\/v2\/types\/post"}],"author":[{"embeddable":true,"href":"https:\/\/flauracuirvegetal.com\/en\/wp-json\/wp\/v2\/users\/2"}],"replies":[{"embeddable":true,"href":"https:\/\/flauracuirvegetal.com\/en\/wp-json\/wp\/v2\/comments?post=236"}],"version-history":[{"count":7,"href":"https:\/\/flauracuirvegetal.com\/en\/wp-json\/wp\/v2\/posts\/236\/revisions"}],"predecessor-version":[{"id":384,"href":"https:\/\/flauracuirvegetal.com\/en\/wp-json\/wp\/v2\/posts\/236\/revisions\/384"}],"wp:featuredmedia":[{"embeddable":true,"href":"https:\/\/flauracuirvegetal.com\/en\/wp-json\/wp\/v2\/media\/363"}],"wp:attachment":[{"href":"https:\/\/flauracuirvegetal.com\/en\/wp-json\/wp\/v2\/media?parent=236"}],"wp:term":[{"taxonomy":"category","embeddable":true,"href":"https:\/\/flauracuirvegetal.com\/en\/wp-json\/wp\/v2\/categories?post=236"},{"taxonomy":"post_tag","embeddable":true,"href":"https:\/\/flauracuirvegetal.com\/en\/wp-json\/wp\/v2\/tags?post=236"}],"curies":[{"name":"wp","href":"https:\/\/api.w.org\/{rel}","templated":true}]}}