{"id":859,"date":"2024-03-27T16:06:04","date_gmt":"2024-03-27T20:06:04","guid":{"rendered":"https:\/\/flauracuirvegetal.com\/?p=859"},"modified":"2024-03-27T16:06:04","modified_gmt":"2024-03-27T20:06:04","slug":"flaura-cuir-vegetal-lance-une-campagne-de-sociofinancement","status":"publish","type":"post","link":"https:\/\/flauracuirvegetal.com\/en\/flaura-cuir-vegetal-lance-une-campagne-de-sociofinancement\/","title":{"rendered":"Flaura, cuir v\u00e9g\u00e9tal lance une campagne de sociofinancement"},"content":{"rendered":"[vc_row type=\u00a0\u00bbin_container\u00a0\u00bb full_screen_row_position=\u00a0\u00bbmiddle\u00a0\u00bb column_margin=\u00a0\u00bbdefault\u00a0\u00bb column_direction=\u00a0\u00bbdefault\u00a0\u00bb column_direction_tablet=\u00a0\u00bbdefault\u00a0\u00bb column_direction_phone=\u00a0\u00bbdefault\u00a0\u00bb scene_position=\u00a0\u00bbcenter\u00a0\u00bb text_color=\u00a0\u00bbdark\u00a0\u00bb text_align=\u00a0\u00bbleft\u00a0\u00bb row_border_radius=\u00a0\u00bbnone\u00a0\u00bb row_border_radius_applies=\u00a0\u00bbbg\u00a0\u00bb overflow=\u00a0\u00bbvisible\u00a0\u00bb overlay_strength=\u00a0\u00bb0.3&Prime; gradient_direction=\u00a0\u00bbleft_to_right\u00a0\u00bb shape_divider_position=\u00a0\u00bbbottom\u00a0\u00bb bg_image_animation=\u00a0\u00bbnone\u00a0\u00bb][vc_column column_padding=\u00a0\u00bbno-extra-padding\u00a0\u00bb column_padding_tablet=\u00a0\u00bbinherit\u00a0\u00bb column_padding_phone=\u00a0\u00bbinherit\u00a0\u00bb column_padding_position=\u00a0\u00bball\u00a0\u00bb column_element_direction_desktop=\u00a0\u00bbdefault\u00a0\u00bb column_element_spacing=\u00a0\u00bbdefault\u00a0\u00bb desktop_text_alignment=\u00a0\u00bbdefault\u00a0\u00bb tablet_text_alignment=\u00a0\u00bbdefault\u00a0\u00bb phone_text_alignment=\u00a0\u00bbdefault\u00a0\u00bb background_color_opacity=\u00a0\u00bb1&Prime; background_hover_color_opacity=\u00a0\u00bb1&Prime; column_backdrop_filter=\u00a0\u00bbnone\u00a0\u00bb column_shadow=\u00a0\u00bbnone\u00a0\u00bb column_border_radius=\u00a0\u00bbnone\u00a0\u00bb column_link_target=\u00a0\u00bb_self\u00a0\u00bb column_position=\u00a0\u00bbdefault\u00a0\u00bb gradient_direction=\u00a0\u00bbleft_to_right\u00a0\u00bb overlay_strength=\u00a0\u00bb0.3&Prime; width=\u00a0\u00bb1\/1&Prime; tablet_width_inherit=\u00a0\u00bbdefault\u00a0\u00bb animation_type=\u00a0\u00bbdefault\u00a0\u00bb bg_image_animation=\u00a0\u00bbnone\u00a0\u00bb border_type=\u00a0\u00bbsimple\u00a0\u00bb column_border_width=\u00a0\u00bbnone\u00a0\u00bb column_border_style=\u00a0\u00bbsolid\u00a0\u00bb][vc_column_text text_direction=\u00a0\u00bbdefault\u00a0\u00bb]L\u2019entreprise Flaura, cuir v\u00e9g\u00e9tal, sp\u00e9cialis\u00e9e dans la production de cuir con\u00e7u \u00e0 partir de r\u00e9sidus de pommes du Qu\u00e9bec, a tout r\u00e9cemment lanc\u00e9 une campagne de financement participatif avec La Ruche, en vue de d\u00e9marrer sa production commerciale. L\u2019initiative vise \u00e0 r\u00e9colter 50 000$ d\u2019ici le 18 mai prochain.[\/vc_column_text][\/vc_column][\/vc_row][vc_row type=\u00a0\u00bbin_container\u00a0\u00bb full_screen_row_position=\u00a0\u00bbmiddle\u00a0\u00bb column_margin=\u00a0\u00bbdefault\u00a0\u00bb column_direction=\u00a0\u00bbdefault\u00a0\u00bb column_direction_tablet=\u00a0\u00bbdefault\u00a0\u00bb column_direction_phone=\u00a0\u00bbdefault\u00a0\u00bb scene_position=\u00a0\u00bbcenter\u00a0\u00bb text_color=\u00a0\u00bbdark\u00a0\u00bb text_align=\u00a0\u00bbleft\u00a0\u00bb row_border_radius=\u00a0\u00bbnone\u00a0\u00bb row_border_radius_applies=\u00a0\u00bbbg\u00a0\u00bb overflow=\u00a0\u00bbvisible\u00a0\u00bb overlay_strength=\u00a0\u00bb0.3&Prime; gradient_direction=\u00a0\u00bbleft_to_right\u00a0\u00bb shape_divider_position=\u00a0\u00bbbottom\u00a0\u00bb bg_image_animation=\u00a0\u00bbnone\u00a0\u00bb][vc_column column_padding=\u00a0\u00bbno-extra-padding\u00a0\u00bb column_padding_tablet=\u00a0\u00bbinherit\u00a0\u00bb column_padding_phone=\u00a0\u00bbinherit\u00a0\u00bb column_padding_position=\u00a0\u00bball\u00a0\u00bb column_element_direction_desktop=\u00a0\u00bbdefault\u00a0\u00bb column_element_spacing=\u00a0\u00bbdefault\u00a0\u00bb desktop_text_alignment=\u00a0\u00bbdefault\u00a0\u00bb tablet_text_alignment=\u00a0\u00bbdefault\u00a0\u00bb phone_text_alignment=\u00a0\u00bbdefault\u00a0\u00bb background_color_opacity=\u00a0\u00bb1&Prime; background_hover_color_opacity=\u00a0\u00bb1&Prime; column_backdrop_filter=\u00a0\u00bbnone\u00a0\u00bb column_shadow=\u00a0\u00bbnone\u00a0\u00bb column_border_radius=\u00a0\u00bbnone\u00a0\u00bb column_link_target=\u00a0\u00bb_self\u00a0\u00bb column_position=\u00a0\u00bbdefault\u00a0\u00bb gradient_direction=\u00a0\u00bbleft_to_right\u00a0\u00bb overlay_strength=\u00a0\u00bb0.3&Prime; width=\u00a0\u00bb1\/1&Prime; tablet_width_inherit=\u00a0\u00bbdefault\u00a0\u00bb animation_type=\u00a0\u00bbdefault\u00a0\u00bb bg_image_animation=\u00a0\u00bbnone\u00a0\u00bb border_type=\u00a0\u00bbsimple\u00a0\u00bb column_border_width=\u00a0\u00bbnone\u00a0\u00bb column_border_style=\u00a0\u00bbsolid\u00a0\u00bb][nectar_btn size=\u00a0\u00bbsmall\u00a0\u00bb open_new_tab=\u00a0\u00bbtrue\u00a0\u00bb button_style=\u00a0\u00bbregular\u00a0\u00bb button_color_2=\u00a0\u00bbAccent-Color\u00a0\u00bb icon_family=\u00a0\u00bbnone\u00a0\u00bb text=\u00a0\u00bbLire l&rsquo;article\u00a0\u00bb url=\u00a0\u00bbhttps:\/\/www.canadafrancais.com\/economie\/flaura-cuir-vegetal-lance-une-campagne-de-sociofinancement\/\u00a0\u00bb][\/vc_column][\/vc_row]\n","protected":false},"excerpt":{"rendered":"<p>[vc_row type=\u00a0\u00bbin_container\u00a0\u00bb full_screen_row_position=\u00a0\u00bbmiddle\u00a0\u00bb column_margin=\u00a0\u00bbdefault\u00a0\u00bb column_direction=\u00a0\u00bbdefault\u00a0\u00bb column_direction_tablet=\u00a0\u00bbdefault\u00a0\u00bb column_direction_phone=\u00a0\u00bbdefault\u00a0\u00bb scene_position=\u00a0\u00bbcenter\u00a0\u00bb text_color=\u00a0\u00bbdark\u00a0\u00bb text_align=\u00a0\u00bbleft\u00a0\u00bb row_border_radius=\u00a0\u00bbnone\u00a0\u00bb row_border_radius_applies=\u00a0\u00bbbg\u00a0\u00bb overflow=\u00a0\u00bbvisible\u00a0\u00bb overlay_strength=\u00a0\u00bb0.3&Prime; gradient_direction=\u00a0\u00bbleft_to_right\u00a0\u00bb shape_divider_position=\u00a0\u00bbbottom\u00a0\u00bb bg_image_animation=\u00a0\u00bbnone\u00a0\u00bb][vc_column column_padding=\u00a0\u00bbno-extra-padding\u00a0\u00bb column_padding_tablet=\u00a0\u00bbinherit\u00a0\u00bb column_padding_phone=\u00a0\u00bbinherit\u00a0\u00bb column_padding_position=\u00a0\u00bball\u00a0\u00bb column_element_direction_desktop=\u00a0\u00bbdefault\u00a0\u00bb column_element_spacing=\u00a0\u00bbdefault\u00a0\u00bb desktop_text_alignment=\u00a0\u00bbdefault\u00a0\u00bb tablet_text_alignment=\u00a0\u00bbdefault\u00a0\u00bb phone_text_alignment=\u00a0\u00bbdefault\u00a0\u00bb background_color_opacity=\u00a0\u00bb1&Prime; background_hover_color_opacity=\u00a0\u00bb1&Prime; column_backdrop_filter=\u00a0\u00bbnone\u00a0\u00bb column_shadow=\u00a0\u00bbnone\u00a0\u00bb&#8230;<\/p>\n","protected":false},"author":2,"featured_media":861,"comment_status":"closed","ping_status":"closed","sticky":false,"template":"","format":"standard","meta":{"_acf_changed":false,"inline_featured_image":false,"footnotes":""},"categories":[18],"tags":[],"class_list":["post-859","post","type-post","status-publish","format-standard","has-post-thumbnail","category-article"],"acf":[],"yoast_head":"<!-- This site is optimized with the Yoast SEO plugin v28.2 - https:\/\/yoast.com\/product\/yoast-seo-wordpress\/ -->\n<title>Flaura, cuir v\u00e9g\u00e9tal lance une campagne de sociofinancement - Flaura cuir v\u00e9g\u00e9tal<\/title>\n<meta name=\"robots\" content=\"index, follow, max-snippet:-1, max-image-preview:large, max-video-preview:-1\" \/>\n<link rel=\"canonical\" href=\"https:\/\/flauracuirvegetal.com\/flaura-cuir-vegetal-lance-une-campagne-de-sociofinancement\/\" \/>\n<meta property=\"og:locale\" content=\"en_US\" \/>\n<meta property=\"og:type\" content=\"article\" \/>\n<meta property=\"og:title\" content=\"Flaura, cuir v\u00e9g\u00e9tal lance une campagne de sociofinancement - Flaura cuir v\u00e9g\u00e9tal\" \/>\n<meta property=\"og:description\" content=\"[vc_row type=\u00a0\u00bbin_container\u00a0\u00bb full_screen_row_position=\u00a0\u00bbmiddle\u00a0\u00bb column_margin=\u00a0\u00bbdefault\u00a0\u00bb column_direction=\u00a0\u00bbdefault\u00a0\u00bb column_direction_tablet=\u00a0\u00bbdefault\u00a0\u00bb column_direction_phone=\u00a0\u00bbdefault\u00a0\u00bb scene_position=\u00a0\u00bbcenter\u00a0\u00bb text_color=\u00a0\u00bbdark\u00a0\u00bb text_align=\u00a0\u00bbleft\u00a0\u00bb row_border_radius=\u00a0\u00bbnone\u00a0\u00bb row_border_radius_applies=\u00a0\u00bbbg\u00a0\u00bb overflow=\u00a0\u00bbvisible\u00a0\u00bb overlay_strength=\u00a0\u00bb0.3&Prime; gradient_direction=\u00a0\u00bbleft_to_right\u00a0\u00bb shape_divider_position=\u00a0\u00bbbottom\u00a0\u00bb bg_image_animation=\u00a0\u00bbnone\u00a0\u00bb][vc_column column_padding=\u00a0\u00bbno-extra-padding\u00a0\u00bb column_padding_tablet=\u00a0\u00bbinherit\u00a0\u00bb column_padding_phone=\u00a0\u00bbinherit\u00a0\u00bb column_padding_position=\u00a0\u00bball\u00a0\u00bb column_element_direction_desktop=\u00a0\u00bbdefault\u00a0\u00bb column_element_spacing=\u00a0\u00bbdefault\u00a0\u00bb desktop_text_alignment=\u00a0\u00bbdefault\u00a0\u00bb tablet_text_alignment=\u00a0\u00bbdefault\u00a0\u00bb phone_text_alignment=\u00a0\u00bbdefault\u00a0\u00bb background_color_opacity=\u00a0\u00bb1&Prime; background_hover_color_opacity=\u00a0\u00bb1&Prime; column_backdrop_filter=\u00a0\u00bbnone\u00a0\u00bb column_shadow=\u00a0\u00bbnone\u00a0\u00bb...\" \/>\n<meta property=\"og:url\" content=\"https:\/\/flauracuirvegetal.com\/flaura-cuir-vegetal-lance-une-campagne-de-sociofinancement\/\" \/>\n<meta property=\"og:site_name\" content=\"Flaura cuir v\u00e9g\u00e9tal\" \/>\n<meta property=\"article:published_time\" content=\"2024-03-27T20:06:04+00:00\" \/>\n<meta property=\"og:image\" content=\"https:\/\/flauracuirvegetal.com\/wp-content\/uploads\/2024\/03\/930f81b188f56470fea0f8v-00127444-1200x1600-1.jpg\" \/>\n\t<meta property=\"og:image:width\" content=\"1200\" \/>\n\t<meta property=\"og:image:height\" content=\"1600\" \/>\n\t<meta property=\"og:image:type\" content=\"image\/jpeg\" \/>\n<meta name=\"author\" content=\"dactylo\" \/>\n<meta name=\"twitter:card\" content=\"summary_large_image\" \/>\n<meta name=\"twitter:label1\" content=\"Written by\" \/>\n\t<meta name=\"twitter:data1\" content=\"dactylo\" \/>\n\t<meta name=\"twitter:label2\" content=\"Est. reading time\" \/>\n\t<meta name=\"twitter:data2\" content=\"2 minutes\" \/>\n<script type=\"application\/ld+json\" class=\"yoast-schema-graph\">{\"@context\":\"https:\\\/\\\/schema.org\",\"@graph\":[{\"@type\":\"Article\",\"@id\":\"https:\\\/\\\/flauracuirvegetal.com\\\/flaura-cuir-vegetal-lance-une-campagne-de-sociofinancement\\\/#article\",\"isPartOf\":{\"@id\":\"https:\\\/\\\/flauracuirvegetal.com\\\/flaura-cuir-vegetal-lance-une-campagne-de-sociofinancement\\\/\"},\"author\":{\"name\":\"dactylo\",\"@id\":\"https:\\\/\\\/flauracuirvegetal.com\\\/#\\\/schema\\\/person\\\/151fcb413ec08d8d2477dfc2e4120db5\"},\"headline\":\"Flaura, cuir v\u00e9g\u00e9tal lance une campagne de sociofinancement\",\"datePublished\":\"2024-03-27T20:06:04+00:00\",\"mainEntityOfPage\":{\"@id\":\"https:\\\/\\\/flauracuirvegetal.com\\\/flaura-cuir-vegetal-lance-une-campagne-de-sociofinancement\\\/\"},\"wordCount\":416,\"image\":{\"@id\":\"https:\\\/\\\/flauracuirvegetal.com\\\/flaura-cuir-vegetal-lance-une-campagne-de-sociofinancement\\\/#primaryimage\"},\"thumbnailUrl\":\"https:\\\/\\\/flauracuirvegetal.com\\\/wp-content\\\/uploads\\\/2024\\\/03\\\/930f81b188f56470fea0f8v-00127444-1200x1600-1.jpg\",\"articleSection\":[\"Article\"],\"inLanguage\":\"en-US\"},{\"@type\":\"WebPage\",\"@id\":\"https:\\\/\\\/flauracuirvegetal.com\\\/flaura-cuir-vegetal-lance-une-campagne-de-sociofinancement\\\/\",\"url\":\"https:\\\/\\\/flauracuirvegetal.com\\\/flaura-cuir-vegetal-lance-une-campagne-de-sociofinancement\\\/\",\"name\":\"Flaura, cuir v\u00e9g\u00e9tal lance une campagne de sociofinancement - Flaura cuir v\u00e9g\u00e9tal\",\"isPartOf\":{\"@id\":\"https:\\\/\\\/flauracuirvegetal.com\\\/#website\"},\"primaryImageOfPage\":{\"@id\":\"https:\\\/\\\/flauracuirvegetal.com\\\/flaura-cuir-vegetal-lance-une-campagne-de-sociofinancement\\\/#primaryimage\"},\"image\":{\"@id\":\"https:\\\/\\\/flauracuirvegetal.com\\\/flaura-cuir-vegetal-lance-une-campagne-de-sociofinancement\\\/#primaryimage\"},\"thumbnailUrl\":\"https:\\\/\\\/flauracuirvegetal.com\\\/wp-content\\\/uploads\\\/2024\\\/03\\\/930f81b188f56470fea0f8v-00127444-1200x1600-1.jpg\",\"datePublished\":\"2024-03-27T20:06:04+00:00\",\"author\":{\"@id\":\"https:\\\/\\\/flauracuirvegetal.com\\\/#\\\/schema\\\/person\\\/151fcb413ec08d8d2477dfc2e4120db5\"},\"breadcrumb\":{\"@id\":\"https:\\\/\\\/flauracuirvegetal.com\\\/flaura-cuir-vegetal-lance-une-campagne-de-sociofinancement\\\/#breadcrumb\"},\"inLanguage\":\"en-US\",\"potentialAction\":[{\"@type\":\"ReadAction\",\"target\":[\"https:\\\/\\\/flauracuirvegetal.com\\\/flaura-cuir-vegetal-lance-une-campagne-de-sociofinancement\\\/\"]}]},{\"@type\":\"ImageObject\",\"inLanguage\":\"en-US\",\"@id\":\"https:\\\/\\\/flauracuirvegetal.com\\\/flaura-cuir-vegetal-lance-une-campagne-de-sociofinancement\\\/#primaryimage\",\"url\":\"https:\\\/\\\/flauracuirvegetal.com\\\/wp-content\\\/uploads\\\/2024\\\/03\\\/930f81b188f56470fea0f8v-00127444-1200x1600-1.jpg\",\"contentUrl\":\"https:\\\/\\\/flauracuirvegetal.com\\\/wp-content\\\/uploads\\\/2024\\\/03\\\/930f81b188f56470fea0f8v-00127444-1200x1600-1.jpg\",\"width\":1200,\"height\":1600},{\"@type\":\"BreadcrumbList\",\"@id\":\"https:\\\/\\\/flauracuirvegetal.com\\\/flaura-cuir-vegetal-lance-une-campagne-de-sociofinancement\\\/#breadcrumb\",\"itemListElement\":[{\"@type\":\"ListItem\",\"position\":1,\"name\":\"Accueil\",\"item\":\"https:\\\/\\\/flauracuirvegetal.com\\\/\"},{\"@type\":\"ListItem\",\"position\":2,\"name\":\"Flaura, cuir v\u00e9g\u00e9tal lance une campagne de sociofinancement\"}]},{\"@type\":\"WebSite\",\"@id\":\"https:\\\/\\\/flauracuirvegetal.com\\\/#website\",\"url\":\"https:\\\/\\\/flauracuirvegetal.com\\\/\",\"name\":\"Flaura - cuir v\u00e9g\u00e9tal\",\"description\":\"Nous transformons les pommes en cuir.\",\"alternateName\":\"Flaura\",\"potentialAction\":[{\"@type\":\"SearchAction\",\"target\":{\"@type\":\"EntryPoint\",\"urlTemplate\":\"https:\\\/\\\/flauracuirvegetal.com\\\/?s={search_term_string}\"},\"query-input\":{\"@type\":\"PropertyValueSpecification\",\"valueRequired\":true,\"valueName\":\"search_term_string\"}}],\"inLanguage\":\"en-US\"},{\"@type\":\"Person\",\"@id\":\"https:\\\/\\\/flauracuirvegetal.com\\\/#\\\/schema\\\/person\\\/151fcb413ec08d8d2477dfc2e4120db5\",\"name\":\"dactylo\",\"image\":{\"@type\":\"ImageObject\",\"inLanguage\":\"en-US\",\"@id\":\"https:\\\/\\\/secure.gravatar.com\\\/avatar\\\/4b333dd64ea56a0dd78c67bc246a7148919fdf9c195fadf747bbc1c3918ddc4b?s=96&d=mm&r=g\",\"url\":\"https:\\\/\\\/secure.gravatar.com\\\/avatar\\\/4b333dd64ea56a0dd78c67bc246a7148919fdf9c195fadf747bbc1c3918ddc4b?s=96&d=mm&r=g\",\"contentUrl\":\"https:\\\/\\\/secure.gravatar.com\\\/avatar\\\/4b333dd64ea56a0dd78c67bc246a7148919fdf9c195fadf747bbc1c3918ddc4b?s=96&d=mm&r=g\",\"caption\":\"dactylo\"},\"url\":\"https:\\\/\\\/flauracuirvegetal.com\\\/en\\\/author\\\/dactylo\\\/\"}]}<\/script>\n<!-- \/ Yoast SEO plugin. -->","yoast_head_json":{"title":"Flaura, cuir v\u00e9g\u00e9tal lance une campagne de sociofinancement - Flaura cuir v\u00e9g\u00e9tal","robots":{"index":"index","follow":"follow","max-snippet":"max-snippet:-1","max-image-preview":"max-image-preview:large","max-video-preview":"max-video-preview:-1"},"canonical":"https:\/\/flauracuirvegetal.com\/flaura-cuir-vegetal-lance-une-campagne-de-sociofinancement\/","og_locale":"en_US","og_type":"article","og_title":"Flaura, cuir v\u00e9g\u00e9tal lance une campagne de sociofinancement - Flaura cuir v\u00e9g\u00e9tal","og_description":"[vc_row type=\u00a0\u00bbin_container\u00a0\u00bb full_screen_row_position=\u00a0\u00bbmiddle\u00a0\u00bb column_margin=\u00a0\u00bbdefault\u00a0\u00bb column_direction=\u00a0\u00bbdefault\u00a0\u00bb column_direction_tablet=\u00a0\u00bbdefault\u00a0\u00bb column_direction_phone=\u00a0\u00bbdefault\u00a0\u00bb scene_position=\u00a0\u00bbcenter\u00a0\u00bb text_color=\u00a0\u00bbdark\u00a0\u00bb text_align=\u00a0\u00bbleft\u00a0\u00bb row_border_radius=\u00a0\u00bbnone\u00a0\u00bb row_border_radius_applies=\u00a0\u00bbbg\u00a0\u00bb overflow=\u00a0\u00bbvisible\u00a0\u00bb overlay_strength=\u00a0\u00bb0.3&Prime; gradient_direction=\u00a0\u00bbleft_to_right\u00a0\u00bb shape_divider_position=\u00a0\u00bbbottom\u00a0\u00bb bg_image_animation=\u00a0\u00bbnone\u00a0\u00bb][vc_column column_padding=\u00a0\u00bbno-extra-padding\u00a0\u00bb column_padding_tablet=\u00a0\u00bbinherit\u00a0\u00bb column_padding_phone=\u00a0\u00bbinherit\u00a0\u00bb column_padding_position=\u00a0\u00bball\u00a0\u00bb column_element_direction_desktop=\u00a0\u00bbdefault\u00a0\u00bb column_element_spacing=\u00a0\u00bbdefault\u00a0\u00bb desktop_text_alignment=\u00a0\u00bbdefault\u00a0\u00bb tablet_text_alignment=\u00a0\u00bbdefault\u00a0\u00bb phone_text_alignment=\u00a0\u00bbdefault\u00a0\u00bb background_color_opacity=\u00a0\u00bb1&Prime; background_hover_color_opacity=\u00a0\u00bb1&Prime; column_backdrop_filter=\u00a0\u00bbnone\u00a0\u00bb column_shadow=\u00a0\u00bbnone\u00a0\u00bb...","og_url":"https:\/\/flauracuirvegetal.com\/flaura-cuir-vegetal-lance-une-campagne-de-sociofinancement\/","og_site_name":"Flaura cuir v\u00e9g\u00e9tal","article_published_time":"2024-03-27T20:06:04+00:00","og_image":[{"width":1200,"height":1600,"url":"https:\/\/flauracuirvegetal.com\/wp-content\/uploads\/2024\/03\/930f81b188f56470fea0f8v-00127444-1200x1600-1.jpg","type":"image\/jpeg"}],"author":"dactylo","twitter_card":"summary_large_image","twitter_misc":{"Written by":"dactylo","Est. reading time":"2 minutes"},"schema":{"@context":"https:\/\/schema.org","@graph":[{"@type":"Article","@id":"https:\/\/flauracuirvegetal.com\/flaura-cuir-vegetal-lance-une-campagne-de-sociofinancement\/#article","isPartOf":{"@id":"https:\/\/flauracuirvegetal.com\/flaura-cuir-vegetal-lance-une-campagne-de-sociofinancement\/"},"author":{"name":"dactylo","@id":"https:\/\/flauracuirvegetal.com\/#\/schema\/person\/151fcb413ec08d8d2477dfc2e4120db5"},"headline":"Flaura, cuir v\u00e9g\u00e9tal lance une campagne de sociofinancement","datePublished":"2024-03-27T20:06:04+00:00","mainEntityOfPage":{"@id":"https:\/\/flauracuirvegetal.com\/flaura-cuir-vegetal-lance-une-campagne-de-sociofinancement\/"},"wordCount":416,"image":{"@id":"https:\/\/flauracuirvegetal.com\/flaura-cuir-vegetal-lance-une-campagne-de-sociofinancement\/#primaryimage"},"thumbnailUrl":"https:\/\/flauracuirvegetal.com\/wp-content\/uploads\/2024\/03\/930f81b188f56470fea0f8v-00127444-1200x1600-1.jpg","articleSection":["Article"],"inLanguage":"en-US"},{"@type":"WebPage","@id":"https:\/\/flauracuirvegetal.com\/flaura-cuir-vegetal-lance-une-campagne-de-sociofinancement\/","url":"https:\/\/flauracuirvegetal.com\/flaura-cuir-vegetal-lance-une-campagne-de-sociofinancement\/","name":"Flaura, cuir v\u00e9g\u00e9tal lance une campagne de sociofinancement - Flaura cuir v\u00e9g\u00e9tal","isPartOf":{"@id":"https:\/\/flauracuirvegetal.com\/#website"},"primaryImageOfPage":{"@id":"https:\/\/flauracuirvegetal.com\/flaura-cuir-vegetal-lance-une-campagne-de-sociofinancement\/#primaryimage"},"image":{"@id":"https:\/\/flauracuirvegetal.com\/flaura-cuir-vegetal-lance-une-campagne-de-sociofinancement\/#primaryimage"},"thumbnailUrl":"https:\/\/flauracuirvegetal.com\/wp-content\/uploads\/2024\/03\/930f81b188f56470fea0f8v-00127444-1200x1600-1.jpg","datePublished":"2024-03-27T20:06:04+00:00","author":{"@id":"https:\/\/flauracuirvegetal.com\/#\/schema\/person\/151fcb413ec08d8d2477dfc2e4120db5"},"breadcrumb":{"@id":"https:\/\/flauracuirvegetal.com\/flaura-cuir-vegetal-lance-une-campagne-de-sociofinancement\/#breadcrumb"},"inLanguage":"en-US","potentialAction":[{"@type":"ReadAction","target":["https:\/\/flauracuirvegetal.com\/flaura-cuir-vegetal-lance-une-campagne-de-sociofinancement\/"]}]},{"@type":"ImageObject","inLanguage":"en-US","@id":"https:\/\/flauracuirvegetal.com\/flaura-cuir-vegetal-lance-une-campagne-de-sociofinancement\/#primaryimage","url":"https:\/\/flauracuirvegetal.com\/wp-content\/uploads\/2024\/03\/930f81b188f56470fea0f8v-00127444-1200x1600-1.jpg","contentUrl":"https:\/\/flauracuirvegetal.com\/wp-content\/uploads\/2024\/03\/930f81b188f56470fea0f8v-00127444-1200x1600-1.jpg","width":1200,"height":1600},{"@type":"BreadcrumbList","@id":"https:\/\/flauracuirvegetal.com\/flaura-cuir-vegetal-lance-une-campagne-de-sociofinancement\/#breadcrumb","itemListElement":[{"@type":"ListItem","position":1,"name":"Accueil","item":"https:\/\/flauracuirvegetal.com\/"},{"@type":"ListItem","position":2,"name":"Flaura, cuir v\u00e9g\u00e9tal lance une campagne de sociofinancement"}]},{"@type":"WebSite","@id":"https:\/\/flauracuirvegetal.com\/#website","url":"https:\/\/flauracuirvegetal.com\/","name":"Flaura - cuir v\u00e9g\u00e9tal","description":"Nous transformons les pommes en cuir.","alternateName":"Flaura","potentialAction":[{"@type":"SearchAction","target":{"@type":"EntryPoint","urlTemplate":"https:\/\/flauracuirvegetal.com\/?s={search_term_string}"},"query-input":{"@type":"PropertyValueSpecification","valueRequired":true,"valueName":"search_term_string"}}],"inLanguage":"en-US"},{"@type":"Person","@id":"https:\/\/flauracuirvegetal.com\/#\/schema\/person\/151fcb413ec08d8d2477dfc2e4120db5","name":"dactylo","image":{"@type":"ImageObject","inLanguage":"en-US","@id":"https:\/\/secure.gravatar.com\/avatar\/4b333dd64ea56a0dd78c67bc246a7148919fdf9c195fadf747bbc1c3918ddc4b?s=96&d=mm&r=g","url":"https:\/\/secure.gravatar.com\/avatar\/4b333dd64ea56a0dd78c67bc246a7148919fdf9c195fadf747bbc1c3918ddc4b?s=96&d=mm&r=g","contentUrl":"https:\/\/secure.gravatar.com\/avatar\/4b333dd64ea56a0dd78c67bc246a7148919fdf9c195fadf747bbc1c3918ddc4b?s=96&d=mm&r=g","caption":"dactylo"},"url":"https:\/\/flauracuirvegetal.com\/en\/author\/dactylo\/"}]}},"_links":{"self":[{"href":"https:\/\/flauracuirvegetal.com\/en\/wp-json\/wp\/v2\/posts\/859","targetHints":{"allow":["GET"]}}],"collection":[{"href":"https:\/\/flauracuirvegetal.com\/en\/wp-json\/wp\/v2\/posts"}],"about":[{"href":"https:\/\/flauracuirvegetal.com\/en\/wp-json\/wp\/v2\/types\/post"}],"author":[{"embeddable":true,"href":"https:\/\/flauracuirvegetal.com\/en\/wp-json\/wp\/v2\/users\/2"}],"replies":[{"embeddable":true,"href":"https:\/\/flauracuirvegetal.com\/en\/wp-json\/wp\/v2\/comments?post=859"}],"version-history":[{"count":1,"href":"https:\/\/flauracuirvegetal.com\/en\/wp-json\/wp\/v2\/posts\/859\/revisions"}],"predecessor-version":[{"id":863,"href":"https:\/\/flauracuirvegetal.com\/en\/wp-json\/wp\/v2\/posts\/859\/revisions\/863"}],"wp:featuredmedia":[{"embeddable":true,"href":"https:\/\/flauracuirvegetal.com\/en\/wp-json\/wp\/v2\/media\/861"}],"wp:attachment":[{"href":"https:\/\/flauracuirvegetal.com\/en\/wp-json\/wp\/v2\/media?parent=859"}],"wp:term":[{"taxonomy":"category","embeddable":true,"href":"https:\/\/flauracuirvegetal.com\/en\/wp-json\/wp\/v2\/categories?post=859"},{"taxonomy":"post_tag","embeddable":true,"href":"https:\/\/flauracuirvegetal.com\/en\/wp-json\/wp\/v2\/tags?post=859"}],"curies":[{"name":"wp","href":"https:\/\/api.w.org\/{rel}","templated":true}]}}