{"id":942,"date":"2024-11-12T15:36:10","date_gmt":"2024-11-12T20:36:10","guid":{"rendered":"https:\/\/flauracuirvegetal.com\/?p=942"},"modified":"2024-11-27T15:38:28","modified_gmt":"2024-11-27T20:38:28","slug":"premiers-pas-pour-le-cuir-vegetal-de-flaura","status":"publish","type":"post","link":"https:\/\/flauracuirvegetal.com\/en\/premiers-pas-pour-le-cuir-vegetal-de-flaura\/","title":{"rendered":"Premiers pas pour le cuir v\u00e9g\u00e9tal de Flaura"},"content":{"rendered":"[vc_row type=\u00a0\u00bbin_container\u00a0\u00bb full_screen_row_position=\u00a0\u00bbmiddle\u00a0\u00bb column_margin=\u00a0\u00bbdefault\u00a0\u00bb column_direction=\u00a0\u00bbdefault\u00a0\u00bb column_direction_tablet=\u00a0\u00bbdefault\u00a0\u00bb column_direction_phone=\u00a0\u00bbdefault\u00a0\u00bb scene_position=\u00a0\u00bbcenter\u00a0\u00bb text_color=\u00a0\u00bbdark\u00a0\u00bb text_align=\u00a0\u00bbleft\u00a0\u00bb row_border_radius=\u00a0\u00bbnone\u00a0\u00bb row_border_radius_applies=\u00a0\u00bbbg\u00a0\u00bb overflow=\u00a0\u00bbvisible\u00a0\u00bb overlay_strength=\u00a0\u00bb0.3&Prime; gradient_direction=\u00a0\u00bbleft_to_right\u00a0\u00bb shape_divider_position=\u00a0\u00bbbottom\u00a0\u00bb bg_image_animation=\u00a0\u00bbnone\u00a0\u00bb][vc_column column_padding=\u00a0\u00bbno-extra-padding\u00a0\u00bb column_padding_tablet=\u00a0\u00bbinherit\u00a0\u00bb column_padding_phone=\u00a0\u00bbinherit\u00a0\u00bb column_padding_position=\u00a0\u00bball\u00a0\u00bb column_element_direction_desktop=\u00a0\u00bbdefault\u00a0\u00bb column_element_spacing=\u00a0\u00bbdefault\u00a0\u00bb desktop_text_alignment=\u00a0\u00bbdefault\u00a0\u00bb tablet_text_alignment=\u00a0\u00bbdefault\u00a0\u00bb phone_text_alignment=\u00a0\u00bbdefault\u00a0\u00bb background_color_opacity=\u00a0\u00bb1&Prime; background_hover_color_opacity=\u00a0\u00bb1&Prime; column_backdrop_filter=\u00a0\u00bbnone\u00a0\u00bb column_shadow=\u00a0\u00bbnone\u00a0\u00bb column_border_radius=\u00a0\u00bbnone\u00a0\u00bb column_link_target=\u00a0\u00bb_self\u00a0\u00bb column_position=\u00a0\u00bbdefault\u00a0\u00bb gradient_direction=\u00a0\u00bbleft_to_right\u00a0\u00bb overlay_strength=\u00a0\u00bb0.3&Prime; width=\u00a0\u00bb1\/1&Prime; tablet_width_inherit=\u00a0\u00bbdefault\u00a0\u00bb animation_type=\u00a0\u00bbdefault\u00a0\u00bb bg_image_animation=\u00a0\u00bbnone\u00a0\u00bb border_type=\u00a0\u00bbsimple\u00a0\u00bb column_border_width=\u00a0\u00bbnone\u00a0\u00bb column_border_style=\u00a0\u00bbsolid\u00a0\u00bb][vc_column_text text_direction=\u00a0\u00bbdefault\u00a0\u00bb]\n<h4>Fait \u00e0 base de r\u00e9sidus de pommes cultiv\u00e9es en Mont\u00e9r\u00e9gie, le cuir v\u00e9g\u00e9tal d\u00e9velopp\u00e9 par Flaura pourrait avoir un avenir non seulement dans le march\u00e9 du v\u00eatement, mais aussi du meuble. \u00c9tablie \u00e0 Qu\u00e9bec, la jeune pousse pr\u00e9pare sa premi\u00e8re production commerciale ainsi qu\u2019une premi\u00e8re ronde de financement.<\/h4>\n<p><a href=\"https:\/\/www.lapresse.ca\/affaires\/portfolio\/2024-11-12\/economie-circulaire\/premiers-pas-pour-le-cuir-vegetal-de-flaura.php?utm_campaign=internal+share&amp;utm_content=email&amp;utm_medium=referral&amp;utm_source=lpp&amp;redirectedFrom=https%253A%252F%252Fplus.lapresse.ca%252Fscreens%252F333b48b2-590f-44f2-a821-0f3b47813e81__7C___0.html%253Futm_campaign%253Dinternal%252520share%2526utm_content%253Demail%2526utm_medium%253Dreferral%2526utm_source%253Dlpp\">Lire l&rsquo;article sur le site de La Presse<\/a>[\/vc_column_text][\/vc_column][\/vc_row]\n","protected":false},"excerpt":{"rendered":"<p>[vc_row type=\u00a0\u00bbin_container\u00a0\u00bb full_screen_row_position=\u00a0\u00bbmiddle\u00a0\u00bb column_margin=\u00a0\u00bbdefault\u00a0\u00bb column_direction=\u00a0\u00bbdefault\u00a0\u00bb column_direction_tablet=\u00a0\u00bbdefault\u00a0\u00bb column_direction_phone=\u00a0\u00bbdefault\u00a0\u00bb scene_position=\u00a0\u00bbcenter\u00a0\u00bb text_color=\u00a0\u00bbdark\u00a0\u00bb text_align=\u00a0\u00bbleft\u00a0\u00bb row_border_radius=\u00a0\u00bbnone\u00a0\u00bb row_border_radius_applies=\u00a0\u00bbbg\u00a0\u00bb overflow=\u00a0\u00bbvisible\u00a0\u00bb overlay_strength=\u00a0\u00bb0.3&Prime; gradient_direction=\u00a0\u00bbleft_to_right\u00a0\u00bb shape_divider_position=\u00a0\u00bbbottom\u00a0\u00bb bg_image_animation=\u00a0\u00bbnone\u00a0\u00bb][vc_column column_padding=\u00a0\u00bbno-extra-padding\u00a0\u00bb column_padding_tablet=\u00a0\u00bbinherit\u00a0\u00bb column_padding_phone=\u00a0\u00bbinherit\u00a0\u00bb column_padding_position=\u00a0\u00bball\u00a0\u00bb column_element_direction_desktop=\u00a0\u00bbdefault\u00a0\u00bb column_element_spacing=\u00a0\u00bbdefault\u00a0\u00bb desktop_text_alignment=\u00a0\u00bbdefault\u00a0\u00bb tablet_text_alignment=\u00a0\u00bbdefault\u00a0\u00bb phone_text_alignment=\u00a0\u00bbdefault\u00a0\u00bb background_color_opacity=\u00a0\u00bb1&Prime; background_hover_color_opacity=\u00a0\u00bb1&Prime; column_backdrop_filter=\u00a0\u00bbnone\u00a0\u00bb column_shadow=\u00a0\u00bbnone\u00a0\u00bb&#8230;<\/p>\n","protected":false},"author":2,"featured_media":943,"comment_status":"closed","ping_status":"closed","sticky":false,"template":"","format":"standard","meta":{"_acf_changed":false,"inline_featured_image":false,"footnotes":""},"categories":[18],"tags":[],"class_list":["post-942","post","type-post","status-publish","format-standard","has-post-thumbnail","category-article"],"acf":[],"yoast_head":"<!-- This site is optimized with the Yoast SEO plugin v28.2 - https:\/\/yoast.com\/product\/yoast-seo-wordpress\/ -->\n<title>Premiers pas pour le cuir v\u00e9g\u00e9tal de Flaura - Flaura cuir v\u00e9g\u00e9tal<\/title>\n<meta name=\"robots\" content=\"index, follow, max-snippet:-1, max-image-preview:large, max-video-preview:-1\" \/>\n<link rel=\"canonical\" href=\"https:\/\/flauracuirvegetal.com\/premiers-pas-pour-le-cuir-vegetal-de-flaura\/\" \/>\n<meta property=\"og:locale\" content=\"en_US\" \/>\n<meta property=\"og:type\" content=\"article\" \/>\n<meta property=\"og:title\" content=\"Premiers pas pour le cuir v\u00e9g\u00e9tal de Flaura - Flaura cuir v\u00e9g\u00e9tal\" \/>\n<meta property=\"og:description\" content=\"[vc_row type=\u00a0\u00bbin_container\u00a0\u00bb full_screen_row_position=\u00a0\u00bbmiddle\u00a0\u00bb column_margin=\u00a0\u00bbdefault\u00a0\u00bb column_direction=\u00a0\u00bbdefault\u00a0\u00bb column_direction_tablet=\u00a0\u00bbdefault\u00a0\u00bb column_direction_phone=\u00a0\u00bbdefault\u00a0\u00bb scene_position=\u00a0\u00bbcenter\u00a0\u00bb text_color=\u00a0\u00bbdark\u00a0\u00bb text_align=\u00a0\u00bbleft\u00a0\u00bb row_border_radius=\u00a0\u00bbnone\u00a0\u00bb row_border_radius_applies=\u00a0\u00bbbg\u00a0\u00bb overflow=\u00a0\u00bbvisible\u00a0\u00bb overlay_strength=\u00a0\u00bb0.3&Prime; gradient_direction=\u00a0\u00bbleft_to_right\u00a0\u00bb shape_divider_position=\u00a0\u00bbbottom\u00a0\u00bb bg_image_animation=\u00a0\u00bbnone\u00a0\u00bb][vc_column column_padding=\u00a0\u00bbno-extra-padding\u00a0\u00bb column_padding_tablet=\u00a0\u00bbinherit\u00a0\u00bb column_padding_phone=\u00a0\u00bbinherit\u00a0\u00bb column_padding_position=\u00a0\u00bball\u00a0\u00bb column_element_direction_desktop=\u00a0\u00bbdefault\u00a0\u00bb column_element_spacing=\u00a0\u00bbdefault\u00a0\u00bb desktop_text_alignment=\u00a0\u00bbdefault\u00a0\u00bb tablet_text_alignment=\u00a0\u00bbdefault\u00a0\u00bb phone_text_alignment=\u00a0\u00bbdefault\u00a0\u00bb background_color_opacity=\u00a0\u00bb1&Prime; background_hover_color_opacity=\u00a0\u00bb1&Prime; column_backdrop_filter=\u00a0\u00bbnone\u00a0\u00bb column_shadow=\u00a0\u00bbnone\u00a0\u00bb...\" \/>\n<meta property=\"og:url\" content=\"https:\/\/flauracuirvegetal.com\/premiers-pas-pour-le-cuir-vegetal-de-flaura\/\" \/>\n<meta property=\"og:site_name\" content=\"Flaura cuir v\u00e9g\u00e9tal\" \/>\n<meta property=\"article:published_time\" content=\"2024-11-12T20:36:10+00:00\" \/>\n<meta property=\"article:modified_time\" content=\"2024-11-27T20:38:28+00:00\" \/>\n<meta property=\"og:image\" content=\"https:\/\/flauracuirvegetal.com\/wp-content\/uploads\/2024\/11\/2cb5ba9f4ffe382094a3efe2594c8331.webp\" \/>\n\t<meta property=\"og:image:width\" content=\"924\" \/>\n\t<meta property=\"og:image:height\" content=\"616\" \/>\n\t<meta property=\"og:image:type\" content=\"image\/webp\" \/>\n<meta name=\"author\" content=\"dactylo\" \/>\n<meta name=\"twitter:card\" content=\"summary_large_image\" \/>\n<meta name=\"twitter:label1\" content=\"Written by\" \/>\n\t<meta name=\"twitter:data1\" content=\"dactylo\" \/>\n\t<meta name=\"twitter:label2\" content=\"Est. reading time\" \/>\n\t<meta name=\"twitter:data2\" content=\"1 minute\" \/>\n<script type=\"application\/ld+json\" class=\"yoast-schema-graph\">{\"@context\":\"https:\\\/\\\/schema.org\",\"@graph\":[{\"@type\":\"Article\",\"@id\":\"https:\\\/\\\/flauracuirvegetal.com\\\/premiers-pas-pour-le-cuir-vegetal-de-flaura\\\/#article\",\"isPartOf\":{\"@id\":\"https:\\\/\\\/flauracuirvegetal.com\\\/premiers-pas-pour-le-cuir-vegetal-de-flaura\\\/\"},\"author\":{\"name\":\"dactylo\",\"@id\":\"https:\\\/\\\/flauracuirvegetal.com\\\/#\\\/schema\\\/person\\\/151fcb413ec08d8d2477dfc2e4120db5\"},\"headline\":\"Premiers pas pour le cuir v\u00e9g\u00e9tal de Flaura\",\"datePublished\":\"2024-11-12T20:36:10+00:00\",\"dateModified\":\"2024-11-27T20:38:28+00:00\",\"mainEntityOfPage\":{\"@id\":\"https:\\\/\\\/flauracuirvegetal.com\\\/premiers-pas-pour-le-cuir-vegetal-de-flaura\\\/\"},\"wordCount\":243,\"image\":{\"@id\":\"https:\\\/\\\/flauracuirvegetal.com\\\/premiers-pas-pour-le-cuir-vegetal-de-flaura\\\/#primaryimage\"},\"thumbnailUrl\":\"https:\\\/\\\/flauracuirvegetal.com\\\/wp-content\\\/uploads\\\/2024\\\/11\\\/2cb5ba9f4ffe382094a3efe2594c8331.webp\",\"articleSection\":[\"Article\"],\"inLanguage\":\"en-US\"},{\"@type\":\"WebPage\",\"@id\":\"https:\\\/\\\/flauracuirvegetal.com\\\/premiers-pas-pour-le-cuir-vegetal-de-flaura\\\/\",\"url\":\"https:\\\/\\\/flauracuirvegetal.com\\\/premiers-pas-pour-le-cuir-vegetal-de-flaura\\\/\",\"name\":\"Premiers pas pour le cuir v\u00e9g\u00e9tal de Flaura - Flaura cuir v\u00e9g\u00e9tal\",\"isPartOf\":{\"@id\":\"https:\\\/\\\/flauracuirvegetal.com\\\/#website\"},\"primaryImageOfPage\":{\"@id\":\"https:\\\/\\\/flauracuirvegetal.com\\\/premiers-pas-pour-le-cuir-vegetal-de-flaura\\\/#primaryimage\"},\"image\":{\"@id\":\"https:\\\/\\\/flauracuirvegetal.com\\\/premiers-pas-pour-le-cuir-vegetal-de-flaura\\\/#primaryimage\"},\"thumbnailUrl\":\"https:\\\/\\\/flauracuirvegetal.com\\\/wp-content\\\/uploads\\\/2024\\\/11\\\/2cb5ba9f4ffe382094a3efe2594c8331.webp\",\"datePublished\":\"2024-11-12T20:36:10+00:00\",\"dateModified\":\"2024-11-27T20:38:28+00:00\",\"author\":{\"@id\":\"https:\\\/\\\/flauracuirvegetal.com\\\/#\\\/schema\\\/person\\\/151fcb413ec08d8d2477dfc2e4120db5\"},\"breadcrumb\":{\"@id\":\"https:\\\/\\\/flauracuirvegetal.com\\\/premiers-pas-pour-le-cuir-vegetal-de-flaura\\\/#breadcrumb\"},\"inLanguage\":\"en-US\",\"potentialAction\":[{\"@type\":\"ReadAction\",\"target\":[\"https:\\\/\\\/flauracuirvegetal.com\\\/premiers-pas-pour-le-cuir-vegetal-de-flaura\\\/\"]}]},{\"@type\":\"ImageObject\",\"inLanguage\":\"en-US\",\"@id\":\"https:\\\/\\\/flauracuirvegetal.com\\\/premiers-pas-pour-le-cuir-vegetal-de-flaura\\\/#primaryimage\",\"url\":\"https:\\\/\\\/flauracuirvegetal.com\\\/wp-content\\\/uploads\\\/2024\\\/11\\\/2cb5ba9f4ffe382094a3efe2594c8331.webp\",\"contentUrl\":\"https:\\\/\\\/flauracuirvegetal.com\\\/wp-content\\\/uploads\\\/2024\\\/11\\\/2cb5ba9f4ffe382094a3efe2594c8331.webp\",\"width\":924,\"height\":616},{\"@type\":\"BreadcrumbList\",\"@id\":\"https:\\\/\\\/flauracuirvegetal.com\\\/premiers-pas-pour-le-cuir-vegetal-de-flaura\\\/#breadcrumb\",\"itemListElement\":[{\"@type\":\"ListItem\",\"position\":1,\"name\":\"Accueil\",\"item\":\"https:\\\/\\\/flauracuirvegetal.com\\\/\"},{\"@type\":\"ListItem\",\"position\":2,\"name\":\"Premiers pas pour le cuir v\u00e9g\u00e9tal de Flaura\"}]},{\"@type\":\"WebSite\",\"@id\":\"https:\\\/\\\/flauracuirvegetal.com\\\/#website\",\"url\":\"https:\\\/\\\/flauracuirvegetal.com\\\/\",\"name\":\"Flaura - cuir v\u00e9g\u00e9tal\",\"description\":\"Nous transformons les pommes en cuir.\",\"alternateName\":\"Flaura\",\"potentialAction\":[{\"@type\":\"SearchAction\",\"target\":{\"@type\":\"EntryPoint\",\"urlTemplate\":\"https:\\\/\\\/flauracuirvegetal.com\\\/?s={search_term_string}\"},\"query-input\":{\"@type\":\"PropertyValueSpecification\",\"valueRequired\":true,\"valueName\":\"search_term_string\"}}],\"inLanguage\":\"en-US\"},{\"@type\":\"Person\",\"@id\":\"https:\\\/\\\/flauracuirvegetal.com\\\/#\\\/schema\\\/person\\\/151fcb413ec08d8d2477dfc2e4120db5\",\"name\":\"dactylo\",\"image\":{\"@type\":\"ImageObject\",\"inLanguage\":\"en-US\",\"@id\":\"https:\\\/\\\/secure.gravatar.com\\\/avatar\\\/4b333dd64ea56a0dd78c67bc246a7148919fdf9c195fadf747bbc1c3918ddc4b?s=96&d=mm&r=g\",\"url\":\"https:\\\/\\\/secure.gravatar.com\\\/avatar\\\/4b333dd64ea56a0dd78c67bc246a7148919fdf9c195fadf747bbc1c3918ddc4b?s=96&d=mm&r=g\",\"contentUrl\":\"https:\\\/\\\/secure.gravatar.com\\\/avatar\\\/4b333dd64ea56a0dd78c67bc246a7148919fdf9c195fadf747bbc1c3918ddc4b?s=96&d=mm&r=g\",\"caption\":\"dactylo\"},\"url\":\"https:\\\/\\\/flauracuirvegetal.com\\\/en\\\/author\\\/dactylo\\\/\"}]}<\/script>\n<!-- \/ Yoast SEO plugin. -->","yoast_head_json":{"title":"Premiers pas pour le cuir v\u00e9g\u00e9tal de Flaura - Flaura cuir v\u00e9g\u00e9tal","robots":{"index":"index","follow":"follow","max-snippet":"max-snippet:-1","max-image-preview":"max-image-preview:large","max-video-preview":"max-video-preview:-1"},"canonical":"https:\/\/flauracuirvegetal.com\/premiers-pas-pour-le-cuir-vegetal-de-flaura\/","og_locale":"en_US","og_type":"article","og_title":"Premiers pas pour le cuir v\u00e9g\u00e9tal de Flaura - Flaura cuir v\u00e9g\u00e9tal","og_description":"[vc_row type=\u00a0\u00bbin_container\u00a0\u00bb full_screen_row_position=\u00a0\u00bbmiddle\u00a0\u00bb column_margin=\u00a0\u00bbdefault\u00a0\u00bb column_direction=\u00a0\u00bbdefault\u00a0\u00bb column_direction_tablet=\u00a0\u00bbdefault\u00a0\u00bb column_direction_phone=\u00a0\u00bbdefault\u00a0\u00bb scene_position=\u00a0\u00bbcenter\u00a0\u00bb text_color=\u00a0\u00bbdark\u00a0\u00bb text_align=\u00a0\u00bbleft\u00a0\u00bb row_border_radius=\u00a0\u00bbnone\u00a0\u00bb row_border_radius_applies=\u00a0\u00bbbg\u00a0\u00bb overflow=\u00a0\u00bbvisible\u00a0\u00bb overlay_strength=\u00a0\u00bb0.3&Prime; gradient_direction=\u00a0\u00bbleft_to_right\u00a0\u00bb shape_divider_position=\u00a0\u00bbbottom\u00a0\u00bb bg_image_animation=\u00a0\u00bbnone\u00a0\u00bb][vc_column column_padding=\u00a0\u00bbno-extra-padding\u00a0\u00bb column_padding_tablet=\u00a0\u00bbinherit\u00a0\u00bb column_padding_phone=\u00a0\u00bbinherit\u00a0\u00bb column_padding_position=\u00a0\u00bball\u00a0\u00bb column_element_direction_desktop=\u00a0\u00bbdefault\u00a0\u00bb column_element_spacing=\u00a0\u00bbdefault\u00a0\u00bb desktop_text_alignment=\u00a0\u00bbdefault\u00a0\u00bb tablet_text_alignment=\u00a0\u00bbdefault\u00a0\u00bb phone_text_alignment=\u00a0\u00bbdefault\u00a0\u00bb background_color_opacity=\u00a0\u00bb1&Prime; background_hover_color_opacity=\u00a0\u00bb1&Prime; column_backdrop_filter=\u00a0\u00bbnone\u00a0\u00bb column_shadow=\u00a0\u00bbnone\u00a0\u00bb...","og_url":"https:\/\/flauracuirvegetal.com\/premiers-pas-pour-le-cuir-vegetal-de-flaura\/","og_site_name":"Flaura cuir v\u00e9g\u00e9tal","article_published_time":"2024-11-12T20:36:10+00:00","article_modified_time":"2024-11-27T20:38:28+00:00","og_image":[{"width":924,"height":616,"url":"https:\/\/flauracuirvegetal.com\/wp-content\/uploads\/2024\/11\/2cb5ba9f4ffe382094a3efe2594c8331.webp","type":"image\/webp"}],"author":"dactylo","twitter_card":"summary_large_image","twitter_misc":{"Written by":"dactylo","Est. reading time":"1 minute"},"schema":{"@context":"https:\/\/schema.org","@graph":[{"@type":"Article","@id":"https:\/\/flauracuirvegetal.com\/premiers-pas-pour-le-cuir-vegetal-de-flaura\/#article","isPartOf":{"@id":"https:\/\/flauracuirvegetal.com\/premiers-pas-pour-le-cuir-vegetal-de-flaura\/"},"author":{"name":"dactylo","@id":"https:\/\/flauracuirvegetal.com\/#\/schema\/person\/151fcb413ec08d8d2477dfc2e4120db5"},"headline":"Premiers pas pour le cuir v\u00e9g\u00e9tal de Flaura","datePublished":"2024-11-12T20:36:10+00:00","dateModified":"2024-11-27T20:38:28+00:00","mainEntityOfPage":{"@id":"https:\/\/flauracuirvegetal.com\/premiers-pas-pour-le-cuir-vegetal-de-flaura\/"},"wordCount":243,"image":{"@id":"https:\/\/flauracuirvegetal.com\/premiers-pas-pour-le-cuir-vegetal-de-flaura\/#primaryimage"},"thumbnailUrl":"https:\/\/flauracuirvegetal.com\/wp-content\/uploads\/2024\/11\/2cb5ba9f4ffe382094a3efe2594c8331.webp","articleSection":["Article"],"inLanguage":"en-US"},{"@type":"WebPage","@id":"https:\/\/flauracuirvegetal.com\/premiers-pas-pour-le-cuir-vegetal-de-flaura\/","url":"https:\/\/flauracuirvegetal.com\/premiers-pas-pour-le-cuir-vegetal-de-flaura\/","name":"Premiers pas pour le cuir v\u00e9g\u00e9tal de Flaura - Flaura cuir v\u00e9g\u00e9tal","isPartOf":{"@id":"https:\/\/flauracuirvegetal.com\/#website"},"primaryImageOfPage":{"@id":"https:\/\/flauracuirvegetal.com\/premiers-pas-pour-le-cuir-vegetal-de-flaura\/#primaryimage"},"image":{"@id":"https:\/\/flauracuirvegetal.com\/premiers-pas-pour-le-cuir-vegetal-de-flaura\/#primaryimage"},"thumbnailUrl":"https:\/\/flauracuirvegetal.com\/wp-content\/uploads\/2024\/11\/2cb5ba9f4ffe382094a3efe2594c8331.webp","datePublished":"2024-11-12T20:36:10+00:00","dateModified":"2024-11-27T20:38:28+00:00","author":{"@id":"https:\/\/flauracuirvegetal.com\/#\/schema\/person\/151fcb413ec08d8d2477dfc2e4120db5"},"breadcrumb":{"@id":"https:\/\/flauracuirvegetal.com\/premiers-pas-pour-le-cuir-vegetal-de-flaura\/#breadcrumb"},"inLanguage":"en-US","potentialAction":[{"@type":"ReadAction","target":["https:\/\/flauracuirvegetal.com\/premiers-pas-pour-le-cuir-vegetal-de-flaura\/"]}]},{"@type":"ImageObject","inLanguage":"en-US","@id":"https:\/\/flauracuirvegetal.com\/premiers-pas-pour-le-cuir-vegetal-de-flaura\/#primaryimage","url":"https:\/\/flauracuirvegetal.com\/wp-content\/uploads\/2024\/11\/2cb5ba9f4ffe382094a3efe2594c8331.webp","contentUrl":"https:\/\/flauracuirvegetal.com\/wp-content\/uploads\/2024\/11\/2cb5ba9f4ffe382094a3efe2594c8331.webp","width":924,"height":616},{"@type":"BreadcrumbList","@id":"https:\/\/flauracuirvegetal.com\/premiers-pas-pour-le-cuir-vegetal-de-flaura\/#breadcrumb","itemListElement":[{"@type":"ListItem","position":1,"name":"Accueil","item":"https:\/\/flauracuirvegetal.com\/"},{"@type":"ListItem","position":2,"name":"Premiers pas pour le cuir v\u00e9g\u00e9tal de Flaura"}]},{"@type":"WebSite","@id":"https:\/\/flauracuirvegetal.com\/#website","url":"https:\/\/flauracuirvegetal.com\/","name":"Flaura - cuir v\u00e9g\u00e9tal","description":"Nous transformons les pommes en cuir.","alternateName":"Flaura","potentialAction":[{"@type":"SearchAction","target":{"@type":"EntryPoint","urlTemplate":"https:\/\/flauracuirvegetal.com\/?s={search_term_string}"},"query-input":{"@type":"PropertyValueSpecification","valueRequired":true,"valueName":"search_term_string"}}],"inLanguage":"en-US"},{"@type":"Person","@id":"https:\/\/flauracuirvegetal.com\/#\/schema\/person\/151fcb413ec08d8d2477dfc2e4120db5","name":"dactylo","image":{"@type":"ImageObject","inLanguage":"en-US","@id":"https:\/\/secure.gravatar.com\/avatar\/4b333dd64ea56a0dd78c67bc246a7148919fdf9c195fadf747bbc1c3918ddc4b?s=96&d=mm&r=g","url":"https:\/\/secure.gravatar.com\/avatar\/4b333dd64ea56a0dd78c67bc246a7148919fdf9c195fadf747bbc1c3918ddc4b?s=96&d=mm&r=g","contentUrl":"https:\/\/secure.gravatar.com\/avatar\/4b333dd64ea56a0dd78c67bc246a7148919fdf9c195fadf747bbc1c3918ddc4b?s=96&d=mm&r=g","caption":"dactylo"},"url":"https:\/\/flauracuirvegetal.com\/en\/author\/dactylo\/"}]}},"_links":{"self":[{"href":"https:\/\/flauracuirvegetal.com\/en\/wp-json\/wp\/v2\/posts\/942","targetHints":{"allow":["GET"]}}],"collection":[{"href":"https:\/\/flauracuirvegetal.com\/en\/wp-json\/wp\/v2\/posts"}],"about":[{"href":"https:\/\/flauracuirvegetal.com\/en\/wp-json\/wp\/v2\/types\/post"}],"author":[{"embeddable":true,"href":"https:\/\/flauracuirvegetal.com\/en\/wp-json\/wp\/v2\/users\/2"}],"replies":[{"embeddable":true,"href":"https:\/\/flauracuirvegetal.com\/en\/wp-json\/wp\/v2\/comments?post=942"}],"version-history":[{"count":1,"href":"https:\/\/flauracuirvegetal.com\/en\/wp-json\/wp\/v2\/posts\/942\/revisions"}],"predecessor-version":[{"id":945,"href":"https:\/\/flauracuirvegetal.com\/en\/wp-json\/wp\/v2\/posts\/942\/revisions\/945"}],"wp:featuredmedia":[{"embeddable":true,"href":"https:\/\/flauracuirvegetal.com\/en\/wp-json\/wp\/v2\/media\/943"}],"wp:attachment":[{"href":"https:\/\/flauracuirvegetal.com\/en\/wp-json\/wp\/v2\/media?parent=942"}],"wp:term":[{"taxonomy":"category","embeddable":true,"href":"https:\/\/flauracuirvegetal.com\/en\/wp-json\/wp\/v2\/categories?post=942"},{"taxonomy":"post_tag","embeddable":true,"href":"https:\/\/flauracuirvegetal.com\/en\/wp-json\/wp\/v2\/tags?post=942"}],"curies":[{"name":"wp","href":"https:\/\/api.w.org\/{rel}","templated":true}]}}